{"id":267,"date":"2006-12-28T10:44:33","date_gmt":"2006-12-28T08:44:33","guid":{"rendered":"http:\/\/karder.org.tr\/?p=267"},"modified":"2018-04-21T10:45:25","modified_gmt":"2018-04-21T07:45:25","slug":"mustafa-sahin-ccocuklarda-beslenme","status":"publish","type":"post","link":"http:\/\/karder.org.tr\/index.php\/2006\/12\/28\/mustafa-sahin-ccocuklarda-beslenme\/","title":{"rendered":"Mustafa \u015eahin-\u00e7\u00c7OCUKLARDA BESLENME"},"content":{"rendered":"<h2 align=\"center\"><b><span style=\"font-family: Verdana; font-size: small;\">\u00e7\u00c7OCUKLARDA BESLENME<\/span><\/b><\/h2>\n<p align=\"Justify\"><span style=\"font-family: Verdana;\"><span style=\"font-size: small;\"><br \/>\n&#8220;\u00e7ocuklarda beslenme bozukluklar\u0131&#8221; ***\u00e7ocuklarda beslenme bozuklu\u011fu nas\u0131l anla\u015f\u0131l\u0131r? \u00e7ocuklarda enerji ve besin \u00f6\u011felerine gereksinimin kar\u015f\u0131lanmas\u0131 b\u00fcy\u00fck \u00f6nem ta\u015f\u0131r. beslenme yetersizli\u011fi ve dengesizli\u011fine ba\u011fl\u0131 \u00e7e\u015fitli sa\u011fl\u0131k sorunlar\u0131 ile kar\u015f\u0131 kar\u015f\u0131ya kal\u0131n\u0131r. \u00e7ocuklarda sa\u011fl\u0131k sorunu &#8216;maln\u00fctrisyon&#8217; deyimi ile tan\u0131mlan\u0131r. \u00e7ocuklardaki maln\u00fctrisyon, b\u00fcy\u00fcme ve geli\u015fmenin \u00f6l\u00e7\u00fclmesi, klinik muayeneler, biyokimyasal testler ve beslenme al\u0131\u015fkanl\u0131klar\u0131 ile ilgili etmenlerin ara\u015ft\u0131r\u0131lmas\u0131 ile saptan\u0131r. \u00e7ocuklar 8. aydan sonra hemen hemen her \u015feyi yiyebilir hale gelirler. bu aydan sonra \u00e7ocu\u011fa yava\u015f yava\u015f farkl\u0131 yemek gruplar\u0131 tatt\u0131r\u0131lmal\u0131d\u0131r.1 ya\u015f ve sonras\u0131nda ise \u00e7ocu\u011fun ya\u015f\u0131na g\u00f6re almas\u0131 gereken enerji, protein, ya\u011f, karbonhidrat ve vitaminlerde farkl\u0131l\u0131k g\u00f6sterir. ya\u015f ilerledik\u00e7e \u00e7ocu\u011fun almas\u0131 gereken enerji miktar\u0131 artar. bu enerji miktar\u0131 \u00e7e\u015fitli besinlerle kar\u015f\u0131lanmal\u0131d\u0131r. e\u011fer \u00e7ocuk sadece birka\u00e7 besine veya tek besine yo\u011funla\u015f\u0131yorsa beslenme bozuklu\u011fu ile kar\u015f\u0131 kar\u015f\u0131ya gelinebilir.\u00f6rne\u011fin baz\u0131 \u00e7ocuklar\u0131 sadece s\u00fct ve s\u00fct \u00fcr\u00fcnleri yerler sadece s\u00fctl\u00fc g\u0131dalar\u0131 t\u00fcketmek \u00e7ocukta demir eksikli\u011fi ba\u015fta olmak \u00fczere bir \u00e7ok vitamin ve mineral eksikli\u011fine neden olur. ***beslenme bozuklu\u011fu b\u00fcy\u00fcmeyi nas\u0131l etkiler ve ergenlikte ne t\u00fcr sorunlara yol a\u00e7ar? \u00e7ocu\u011fun beslenmesinde ama\u00e7; normal sa\u011fl\u0131kl\u0131 b\u00fcy\u00fcme ve geli\u015fmeyi sa\u011flamakt\u0131r. b\u00fcy\u00fcme ve geli\u015fme, insan yavrusunun h\u00fccresel a\u015famadan yeti\u015fkinli\u011fe do\u011fru s\u00fcreli, dinamik de\u011fi\u015fim s\u00fcrecidir. b\u00fcy\u00fcme ve geli\u015fme deyimi fiziksel ve zihinsel de\u011fi\u015fim s\u00fcre\u00e7lerini kapsar. b\u00f6ylece \u00e7ocu\u011fun beden \u00f6l\u00e7\u00fclerini artan, h\u00fccrelerin yap\u0131lar\u0131 ve i\u015flevleri, motor ve bili\u00e7sel yeteneklerini, duyusal co\u015fkusal ve sosyal davran\u0131\u015flar\u0131 olgunla\u015f\u0131r. ergenlikte bu s\u00fcre\u00e7lerin sa\u011fl\u0131kl\u0131 ge\u00e7irilmesi gereken bir d\u00f6nemidir. ergenlik dengesiz ve yetersiz beslenme yukar\u0131da belirtti\u011fimiz konularda problem yarat\u0131r ve geli\u015fim s\u00fcrecini durdurur. ***beslenme bozuklu\u011funu sadece zay\u0131fl\u0131k olarak alg\u0131lamak do\u011fru mu? beslenme bozuklu\u011fu sadece zay\u0131fl\u0131k olarak alg\u0131lamak yanl\u0131\u015ft\u0131r.\u00e7ocu\u011fun ya\u015f\u0131na g\u00f6re olmas\u0131 gereken ideal kilonunu alt ve \u00fcst s\u0131n\u0131r\u0131 vard\u0131r. bu s\u0131n\u0131rlar i\u00e7erisinde ve her besinden yeterli miktarda besin t\u00fcketiliyorsa, \u00e7ocuk yeterli ve dengeli besleniyor ve geli\u015fiyor demektir. a\u015f\u0131r\u0131 zay\u0131f olmak nas\u0131l bir beslenme ve b\u00fcy\u00fcme sorunu ise a\u015f\u0131r\u0131 kilolu olmakta beslenme bozuklu\u011fu olarak tan\u0131mlan\u0131r. a\u015f\u0131r\u0131 kilo \u00e7ocu\u011fun zihinsel ve bedensel aktivitesini d\u00fc\u015f\u00fcr\u00fcr. ***yedi\u011fi halde kilo alamayan \u00e7ocuklarda bu gruba giriyor mu? \u00e7ocuklar\u0131n yedi\u011fi halde kilo almamas\u0131 ara\u015ft\u0131r\u0131lmas\u0131 gereken bir konudur. \u00e7ocuk yedi\u011fi halde ideal kilosunun \u00e7ok alt\u0131nda ise troit hormonlar\u0131na ve gaitada tenya ve parazit bak\u0131lmas\u0131 gerekirse daha ayr\u0131nt\u0131l\u0131 test yap\u0131lmas\u0131 gerekebilir. ***beslenme bozuklu\u011fu ya\u015fayan \u00e7ocuklarda nas\u0131l bir tedavi uygulan\u0131yor? beslenme bozuklu\u011fu ya\u015fayan \u00e7ocu\u011fun ilk \u00f6nce bu sorunu neden ya\u015fad\u0131\u011f\u0131n\u0131 beslenme bozuklu\u011funun beslenememesinin sa\u011fl\u0131k a\u00e7\u0131s\u0131ndan bir nedeni var m\u0131 v\u00fccutta herhangi bir enzim eksikli\u011fine dayan\u0131yor mu bunlar\u0131n ara\u015ft\u0131r\u0131lmas\u0131 gerekir. daha sonra \u00e7ocu\u011fun besinlerinin zenginle\u015ftirilmesi, yeni tatlar\u0131 sevece\u011fi \u015fekilde sunulup denetilmesi farkl\u0131 besin gruplar\u0131n\u0131n yava\u015f yava\u015f sevece\u011fi \u015fekilde al\u0131\u015ft\u0131r\u0131lmas\u0131 gerekir. ***kilo almak i\u00e7in \u00f6zel bir diyet program\u0131 bulunuyor mu? kilo almak i\u00e7in ki\u015fiye \u00f6zel diyet program\u0131 uygulan\u0131r. ilk \u00f6nce ki\u015finin hormon tetkiklerini (troit hormonlar\u0131, b\u00fcy\u00fcme hormonlar\u0131na bak\u0131l\u0131r), gaita, tenya ve parazit tetkikleri yap\u0131l\u0131r. bunlar\u0131n sonucuna g\u00f6re gerekti\u011finde vitamin ve demir takviyeleri ile \u00f6zel beslenme program\u0131 \u00e7\u0131kar\u0131l\u0131r. d\u00fczenli kilo almas\u0131 sa\u011flan\u0131r.\u00a0<\/span><\/span><\/p>\n","protected":false},"excerpt":{"rendered":"<p>\u00e7\u00c7OCUKLARDA BESLENME &#8220;\u00e7ocuklarda beslenme bozukluklar\u0131&#8221; ***\u00e7ocuklarda beslenme bozuklu\u011fu nas\u0131l anla\u015f\u0131l\u0131r? \u00e7ocuklarda enerji ve besin \u00f6\u011felerine gereksinimin kar\u015f\u0131lanmas\u0131 b\u00fcy\u00fck \u00f6nem ta\u015f\u0131r. beslenme yetersizli\u011fi ve dengesizli\u011fine ba\u011fl\u0131 \u00e7e\u015fitli sa\u011fl\u0131k sorunlar\u0131 ile kar\u015f\u0131 kar\u015f\u0131ya kal\u0131n\u0131r. \u00e7ocuklarda sa\u011fl\u0131k sorunu &#8216;maln\u00fctrisyon&#8217; deyimi ile tan\u0131mlan\u0131r. \u00e7ocuklardaki maln\u00fctrisyon, b\u00fcy\u00fcme ve geli\u015fmenin \u00f6l\u00e7\u00fclmesi, klinik muayeneler, biyokimyasal testler ve beslenme al\u0131\u015fkanl\u0131klar\u0131 ile ilgili etmenlerin [&hellip;]<\/p>\n","protected":false},"author":2,"featured_media":0,"comment_status":"open","ping_status":"open","sticky":false,"template":"","format":"standard","meta":[],"categories":[5],"tags":[],"_links":{"self":[{"href":"http:\/\/karder.org.tr\/index.php\/wp-json\/wp\/v2\/posts\/267"}],"collection":[{"href":"http:\/\/karder.org.tr\/index.php\/wp-json\/wp\/v2\/posts"}],"about":[{"href":"http:\/\/karder.org.tr\/index.php\/wp-json\/wp\/v2\/types\/post"}],"author":[{"embeddable":true,"href":"http:\/\/karder.org.tr\/index.php\/wp-json\/wp\/v2\/users\/2"}],"replies":[{"embeddable":true,"href":"http:\/\/karder.org.tr\/index.php\/wp-json\/wp\/v2\/comments?post=267"}],"version-history":[{"count":2,"href":"http:\/\/karder.org.tr\/index.php\/wp-json\/wp\/v2\/posts\/267\/revisions"}],"predecessor-version":[{"id":269,"href":"http:\/\/karder.org.tr\/index.php\/wp-json\/wp\/v2\/posts\/267\/revisions\/269"}],"wp:attachment":[{"href":"http:\/\/karder.org.tr\/index.php\/wp-json\/wp\/v2\/media?parent=267"}],"wp:term":[{"taxonomy":"category","embeddable":true,"href":"http:\/\/karder.org.tr\/index.php\/wp-json\/wp\/v2\/categories?post=267"},{"taxonomy":"post_tag","embeddable":true,"href":"http:\/\/karder.org.tr\/index.php\/wp-json\/wp\/v2\/tags?post=267"}],"curies":[{"name":"wp","href":"https:\/\/api.w.org\/{rel}","templated":true}]}}