{"id":166,"date":"2008-05-23T13:06:55","date_gmt":"2008-05-23T10:06:55","guid":{"rendered":"http:\/\/karder.org.tr\/?p=166"},"modified":"2018-04-19T13:08:25","modified_gmt":"2018-04-19T10:08:25","slug":"abbas-kusdogan-yetti-de","status":"publish","type":"post","link":"https:\/\/karder.org.tr\/index.php\/2008\/05\/23\/abbas-kusdogan-yetti-de\/","title":{"rendered":"Abbas Ku\u015fdo\u011fan-YETT\u0130 DE"},"content":{"rendered":"<h2 align=\"center\"><b><span style=\"font-family: Verdana; font-size: small;\">YETT\u0130 DE\u00a0<\/span><\/b><\/h2>\n<p align=\"Justify\"><span style=\"font-family: Verdana;\"><span style=\"font-size: small;\"><\/p>\n<p>Ya\u015f\u0131yorsun, \u00fcst\u00fcn \u00f6l\u00fc topra\u011f\u0131<br \/>\nSilkin de kalk, bre insan yetti de<br \/>\nBitti art\u0131k, kader yazma zaman\u0131<br \/>\nAdam \u00fcst\u00fc, adam olmak bitti de<\/p>\n<p>Nice devir ge\u00e7tik, hani nerdeyiz<br \/>\nS\u0131k\u0131y\u0131 zorlad\u0131k, yine darday\u0131z<br \/>\nAtlad\u0131k s\u0131\u00e7rad\u0131k, ayn\u0131 yerdeyiz<br \/>\nZaman geldi, tamam ah\u0131r \u00e7att\u0131 de<\/p>\n<p>Dededen babadan, miras asalet<br \/>\nOvad\u0131r yaylad\u0131r, tapu veraset<br \/>\n\u0130ki bin e girdi, kirli siyaset<br \/>\nSabah\u0131 duyuran, horoz \u00f6tt\u00fc de<\/p>\n<p>Ali R\u0131za\u00b4m, hukuk hak \u0131 da\u011f\u0131ts\u0131n<br \/>\nNe sava\u015f s\u00f6m\u00fcr\u00fc, ne ba\u015f a\u011fr\u0131ts\u0131n<br \/>\nDo\u011fu bat\u0131, karde\u015f densin kar\u0131\u015fs\u0131n<br \/>\nAkan kanlar, art\u0131k bizi tuttu de<br \/>\nAlir\u0131za U\u011eURLU<br \/>\n12.10.1999<\/span><\/span><\/p>\n","protected":false},"excerpt":{"rendered":"<p>YETT\u0130 DE\u00a0 Ya\u015f\u0131yorsun, \u00fcst\u00fcn \u00f6l\u00fc topra\u011f\u0131 Silkin de kalk, bre insan yetti de Bitti art\u0131k, kader yazma zaman\u0131 Adam \u00fcst\u00fc, adam olmak bitti de Nice devir ge\u00e7tik, hani nerdeyiz S\u0131k\u0131y\u0131 zorlad\u0131k, yine darday\u0131z Atlad\u0131k s\u0131\u00e7rad\u0131k, ayn\u0131 yerdeyiz Zaman geldi, tamam ah\u0131r \u00e7att\u0131 de Dededen babadan, miras asalet Ovad\u0131r yaylad\u0131r, tapu veraset \u0130ki bin e girdi, [&hellip;]<\/p>\n","protected":false},"author":2,"featured_media":0,"comment_status":"open","ping_status":"open","sticky":false,"template":"","format":"standard","meta":[],"categories":[5],"tags":[],"_links":{"self":[{"href":"https:\/\/karder.org.tr\/index.php\/wp-json\/wp\/v2\/posts\/166"}],"collection":[{"href":"https:\/\/karder.org.tr\/index.php\/wp-json\/wp\/v2\/posts"}],"about":[{"href":"https:\/\/karder.org.tr\/index.php\/wp-json\/wp\/v2\/types\/post"}],"author":[{"embeddable":true,"href":"https:\/\/karder.org.tr\/index.php\/wp-json\/wp\/v2\/users\/2"}],"replies":[{"embeddable":true,"href":"https:\/\/karder.org.tr\/index.php\/wp-json\/wp\/v2\/comments?post=166"}],"version-history":[{"count":1,"href":"https:\/\/karder.org.tr\/index.php\/wp-json\/wp\/v2\/posts\/166\/revisions"}],"predecessor-version":[{"id":167,"href":"https:\/\/karder.org.tr\/index.php\/wp-json\/wp\/v2\/posts\/166\/revisions\/167"}],"wp:attachment":[{"href":"https:\/\/karder.org.tr\/index.php\/wp-json\/wp\/v2\/media?parent=166"}],"wp:term":[{"taxonomy":"category","embeddable":true,"href":"https:\/\/karder.org.tr\/index.php\/wp-json\/wp\/v2\/categories?post=166"},{"taxonomy":"post_tag","embeddable":true,"href":"https:\/\/karder.org.tr\/index.php\/wp-json\/wp\/v2\/tags?post=166"}],"curies":[{"name":"wp","href":"https:\/\/api.w.org\/{rel}","templated":true}]}}