{"id":170,"date":"2008-04-01T13:14:03","date_gmt":"2008-04-01T10:14:03","guid":{"rendered":"http:\/\/karder.org.tr\/?p=170"},"modified":"2018-04-19T13:15:19","modified_gmt":"2018-04-19T10:15:19","slug":"abbas-kusdogan-kara-fatma","status":"publish","type":"post","link":"https:\/\/karder.org.tr\/index.php\/2008\/04\/01\/abbas-kusdogan-kara-fatma\/","title":{"rendered":"Abbas Ku\u015fdo\u011fan-KARA FATMA"},"content":{"rendered":"<h2 align=\"center\"><b><span style=\"font-family: Verdana; font-size: small;\">KARA FATMA<\/span><\/b><\/h2>\n<p align=\"Justify\"><span style=\"font-family: Verdana;\"><span style=\"font-size: small;\">T\u00fcm D\u00fcnya Kad\u0131nlar\u0131n\u0131n 8 Mart D\u00fcnya Kad\u0131nlar G\u00fcn\u00fcn\u00fc &#8220;kutluyor, bu g\u00fcn\u00fcn an\u0131s\u0131na &#8216;Anadolu kad\u0131nlarandan&#8217; biri ad\u0131na yazm\u0131\u015f oldu\u011fum \u015fiirimi takdim ediyorumi<\/p>\n<p>KARA FATMA<\/p>\n<p>Bir t\u00fcrk\u00fc tutturmu\u015f,<br \/>\nKara FATMA.<br \/>\nT\u00fcrk\u00fclerin en g\u00fczeli,<br \/>\nEn i\u00e7teni.<br \/>\nSusturmu\u015f da\u011f\u0131 ta\u015f\u0131,<br \/>\nSusturmu\u015f bu\u011fday tarlas\u0131n\u0131.<br \/>\nBoyun b\u00fckt\u00fcrm\u00fc\u015f ba\u015faklara,<br \/>\nKesmi\u015f a\u011fa\u00e7lar\u0131n h\u0131\u015f\u0131rt\u0131s\u0131n\u0131,<br \/>\nDuyulmaz olmu\u015f ku\u015f sesleri,<br \/>\nEsmiyor art\u0131k deli poyraz,<br \/>\nYinede bir ho\u015f geliyor kaval sesleri.<br \/>\nG\u00fcne\u015f yak\u0131yor ortal\u0131\u011f\u0131,<br \/>\nYak\u0131p kavuruyor alabildi\u011fine.<br \/>\nAma,<br \/>\nKorkusu yok KARA\u2019 n\u0131n<br \/>\n&#8230;&#8230;&#8230;&#8230;&#8230;&#8230;&#8230;&#8230;&#8230;&#8230;.- g\u00fcne\u015ften yana,<br \/>\nV\u0131z gelir ona do\u011fan\u0131n zulm\u00fc,<br \/>\nBilir g\u00f6\u011f\u00fcs germesini.<br \/>\nOnun korkusu &#8216;kendi t\u00fcrk\u00fcs\u00fcnden&#8217;.<br \/>\nG\u00f6nl\u00fcn\u00fc par\u00e7al\u0131yor kaval sesleri.<br \/>\nBa\u011fr\u0131 yanm\u0131\u015f AL\u0130\u2019 sine,<br \/>\n\u00c7ocuklar\u0131n babas\u0131,<br \/>\n&#8230;&#8230;&#8230;&#8230;&#8230;&#8230;&#8230;- boyun b\u00fckt\u00fcr\u00fclm\u00fc\u015f<br \/>\n&#8230;&#8230;&#8230;&#8230;&#8230;&#8230;&#8230;&#8230;&#8230;&#8230;&#8230;&#8230;.- gurbet i\u015f\u00e7isine.<br \/>\nBuram buram t\u00fct\u00fcyor burnunda kokusu,<br \/>\nKaybolmuyor g\u00f6zlerinden.<br \/>\nT\u00fcrk\u00fcs\u00fcyle kucakl\u0131yor AL\u0130\u2019 sini.<br \/>\nSar\u0131yor bu\u011fday destesinin aras\u0131na,<br \/>\nKARA, daha dertli s\u00f6yl\u00fcyor<br \/>\n\u00c7at\u0131yor ka\u015flar\u0131n\u0131,<br \/>\nDomur domur oluyor anl\u0131nda terler,<br \/>\nS\u0131z\u0131yor iki ka\u015f\u0131n aras\u0131ndan,<br \/>\nKana buluyor g\u00f6zlerini,<br \/>\n\u0130ki g\u00f6z, iki kan \u00e7ana\u011f\u0131 .<br \/>\nG\u00f6nl\u00fc sevda,<br \/>\nElleri nas\u0131rla param par\u00e7a.<br \/>\nBir kaya gibi inmi\u015f ba\u015f\u0131na, insan\u0131n zulm\u00fc.<br \/>\nBitsin diyor,<br \/>\nBitsin bu zul\u00fcm.<br \/>\nAy\u0131ran kader de\u011fil,<br \/>\n&#8230;&#8230;&#8230;&#8230;&#8230;.. &#8211; istemem b\u00f6yle al\u0131n yaz\u0131s\u0131n\u0131.<br \/>\nArt\u0131k rast gele sall\u0131yor ora\u011f\u0131n\u0131 &#8211; KARA FATMA &#8211;<br \/>\nKimini k\u00f6k\u00fcnden s\u00f6k\u00fcp,<br \/>\nKimini ba\u015f\u0131ndan u\u00e7uruyor bu\u011fdaylar\u0131n.<br \/>\n\u00c7\u0131rp\u0131n\u0131yor tuza\u011fa d\u00fc\u015fm\u00fc\u015f bir ku\u015f misali,<br \/>\nEzgisi daha sert,<br \/>\nBak\u0131\u015f\u0131 ta\u015f eritiyor.<br \/>\nBa\u015faklar kapan\u0131yor aya\u011f\u0131na,<br \/>\nEsmeye ba\u015fl\u0131yor deli poyraz.<br \/>\nA\u011fa\u00e7lar h\u0131\u015f\u0131rday\u0131p,<br \/>\n&#8230;&#8230;&#8230;&#8230;&#8230;.. &#8211; ku\u015flar \u00f6t\u00fc\u015f\u00fcyorlar.<br \/>\nKesiliyor kaval sesi.<br \/>\nDavul zurna \u00e7al\u0131yor KARA\u2019n\u0131n g\u00f6nl\u00fcnde.<br \/>\nO \u015fimdi Ali\u2019sini de\u011fil<br \/>\n&#8230;&#8230;&#8230;&#8230;&#8230;&#8230;- Alileri d\u00fc\u015f\u00fcn\u00fcyor gurbette.<br \/>\nPeri\u015fan,<br \/>\n&#8230;&#8230;&#8230; &#8211; boynu b\u00fck\u00fck,<br \/>\n&#8230;&#8230;&#8230;&#8230;&#8230;..- makineler aras\u0131nda,<br \/>\n&#8230;&#8230;&#8230;&#8230;&#8230;&#8230;&#8230;&#8230;&#8230;&#8230;&#8230;&#8230;&#8230;. &#8211; fabrikada.<br \/>\nVe onlar\u0131n \u00f6zlemiyle kavrulan,<br \/>\nMilyonlarca FATMA&#8217; y\u0131&#8230;&#8230;<\/p>\n<p>Abbas \u00d6ZDEN &#8211; Ankara<\/span><\/span><\/p>\n","protected":false},"excerpt":{"rendered":"<p>KARA FATMA T\u00fcm D\u00fcnya Kad\u0131nlar\u0131n\u0131n 8 Mart D\u00fcnya Kad\u0131nlar G\u00fcn\u00fcn\u00fc &#8220;kutluyor, bu g\u00fcn\u00fcn an\u0131s\u0131na &#8216;Anadolu kad\u0131nlarandan&#8217; biri ad\u0131na yazm\u0131\u015f oldu\u011fum \u015fiirimi takdim ediyorumi KARA FATMA Bir t\u00fcrk\u00fc tutturmu\u015f, Kara FATMA. T\u00fcrk\u00fclerin en g\u00fczeli, En i\u00e7teni. Susturmu\u015f da\u011f\u0131 ta\u015f\u0131, Susturmu\u015f bu\u011fday tarlas\u0131n\u0131. Boyun b\u00fckt\u00fcrm\u00fc\u015f ba\u015faklara, Kesmi\u015f a\u011fa\u00e7lar\u0131n h\u0131\u015f\u0131rt\u0131s\u0131n\u0131, Duyulmaz olmu\u015f ku\u015f sesleri, Esmiyor art\u0131k deli poyraz, [&hellip;]<\/p>\n","protected":false},"author":2,"featured_media":0,"comment_status":"open","ping_status":"open","sticky":false,"template":"","format":"standard","meta":[],"categories":[1],"tags":[],"_links":{"self":[{"href":"https:\/\/karder.org.tr\/index.php\/wp-json\/wp\/v2\/posts\/170"}],"collection":[{"href":"https:\/\/karder.org.tr\/index.php\/wp-json\/wp\/v2\/posts"}],"about":[{"href":"https:\/\/karder.org.tr\/index.php\/wp-json\/wp\/v2\/types\/post"}],"author":[{"embeddable":true,"href":"https:\/\/karder.org.tr\/index.php\/wp-json\/wp\/v2\/users\/2"}],"replies":[{"embeddable":true,"href":"https:\/\/karder.org.tr\/index.php\/wp-json\/wp\/v2\/comments?post=170"}],"version-history":[{"count":1,"href":"https:\/\/karder.org.tr\/index.php\/wp-json\/wp\/v2\/posts\/170\/revisions"}],"predecessor-version":[{"id":171,"href":"https:\/\/karder.org.tr\/index.php\/wp-json\/wp\/v2\/posts\/170\/revisions\/171"}],"wp:attachment":[{"href":"https:\/\/karder.org.tr\/index.php\/wp-json\/wp\/v2\/media?parent=170"}],"wp:term":[{"taxonomy":"category","embeddable":true,"href":"https:\/\/karder.org.tr\/index.php\/wp-json\/wp\/v2\/categories?post=170"},{"taxonomy":"post_tag","embeddable":true,"href":"https:\/\/karder.org.tr\/index.php\/wp-json\/wp\/v2\/tags?post=170"}],"curies":[{"name":"wp","href":"https:\/\/api.w.org\/{rel}","templated":true}]}}