{"id":174,"date":"2007-08-25T13:16:58","date_gmt":"2007-08-25T10:16:58","guid":{"rendered":"http:\/\/karder.org.tr\/?p=174"},"modified":"2018-04-19T13:18:08","modified_gmt":"2018-04-19T10:18:08","slug":"abbas-kusdogan-bitsin-su-gurbet","status":"publish","type":"post","link":"https:\/\/karder.org.tr\/index.php\/2007\/08\/25\/abbas-kusdogan-bitsin-su-gurbet\/","title":{"rendered":"Abbas Ku\u015fdo\u011fan-B\u0130TS\u0130N \u015eU GURBET"},"content":{"rendered":"<h2 align=\"center\"><b><span style=\"font-family: Verdana; font-size: small;\">B\u0130TS\u0130N \u015eU GURBET<\/span><\/b><\/h2>\n<p align=\"Justify\"><span style=\"font-family: Verdana;\"><span style=\"font-size: small;\">B\u0130TS\u0130N \u015eU GURBETL\u0130K<br \/>\nYokluk beni \u015fu can\u0131mdan bezdirdi<br \/>\nGurbet eli diyar diyar gezdirdi<br \/>\nAnadan babadan yardan ay\u0131rd\u0131<br \/>\nBitsin \u015fu gurbetlik s\u0131laya d\u00f6nem<\/span><\/span><\/p>\n<p>Belim b\u00fck\u00fcp sa\u00e7lar\u0131m\u0131 a\u011fartt\u0131<br \/>\nHazin esip g\u00fcl benzimi sarartt\u0131<br \/>\nBir g\u00fcn g\u00fcld\u00fcrmedi her g\u00fcn a\u011flatt\u0131<br \/>\nBitsin \u015fu gurbet s\u0131laya d\u00f6nem<\/p>\n<p>Ac\u0131 so\u011fan yavan ekmek yiyeyim<br \/>\nBen canans\u0131z d\u00fcnya mal\u0131 neyleyim<br \/>\nYanar ba\u011fr\u0131m derdim kime s\u00f6yleyim<br \/>\nBitsin \u015fu gurbetlik s\u0131laya d\u00f6nem<\/p>\n<p>Gelen yok giden yok bir haber soran<br \/>\nDa\u011f\u0131na ta\u015f\u0131na s\u00f6yleyin selam<br \/>\nYol verin ki da\u011flar s\u0131laya gidem<br \/>\nBitsin \u015fu gurbetlik s\u0131laya d\u00f6nem<\/p>\n<p>MUSTAFA \u00d6ZDEN<\/p>\n","protected":false},"excerpt":{"rendered":"<p>B\u0130TS\u0130N \u015eU GURBET B\u0130TS\u0130N \u015eU GURBETL\u0130K Yokluk beni \u015fu can\u0131mdan bezdirdi Gurbet eli diyar diyar gezdirdi Anadan babadan yardan ay\u0131rd\u0131 Bitsin \u015fu gurbetlik s\u0131laya d\u00f6nem Belim b\u00fck\u00fcp sa\u00e7lar\u0131m\u0131 a\u011fartt\u0131 Hazin esip g\u00fcl benzimi sarartt\u0131 Bir g\u00fcn g\u00fcld\u00fcrmedi her g\u00fcn a\u011flatt\u0131 Bitsin \u015fu gurbet s\u0131laya d\u00f6nem Ac\u0131 so\u011fan yavan ekmek yiyeyim Ben canans\u0131z d\u00fcnya mal\u0131 neyleyim [&hellip;]<\/p>\n","protected":false},"author":2,"featured_media":0,"comment_status":"open","ping_status":"open","sticky":false,"template":"","format":"standard","meta":[],"categories":[5],"tags":[],"_links":{"self":[{"href":"https:\/\/karder.org.tr\/index.php\/wp-json\/wp\/v2\/posts\/174"}],"collection":[{"href":"https:\/\/karder.org.tr\/index.php\/wp-json\/wp\/v2\/posts"}],"about":[{"href":"https:\/\/karder.org.tr\/index.php\/wp-json\/wp\/v2\/types\/post"}],"author":[{"embeddable":true,"href":"https:\/\/karder.org.tr\/index.php\/wp-json\/wp\/v2\/users\/2"}],"replies":[{"embeddable":true,"href":"https:\/\/karder.org.tr\/index.php\/wp-json\/wp\/v2\/comments?post=174"}],"version-history":[{"count":2,"href":"https:\/\/karder.org.tr\/index.php\/wp-json\/wp\/v2\/posts\/174\/revisions"}],"predecessor-version":[{"id":176,"href":"https:\/\/karder.org.tr\/index.php\/wp-json\/wp\/v2\/posts\/174\/revisions\/176"}],"wp:attachment":[{"href":"https:\/\/karder.org.tr\/index.php\/wp-json\/wp\/v2\/media?parent=174"}],"wp:term":[{"taxonomy":"category","embeddable":true,"href":"https:\/\/karder.org.tr\/index.php\/wp-json\/wp\/v2\/categories?post=174"},{"taxonomy":"post_tag","embeddable":true,"href":"https:\/\/karder.org.tr\/index.php\/wp-json\/wp\/v2\/tags?post=174"}],"curies":[{"name":"wp","href":"https:\/\/api.w.org\/{rel}","templated":true}]}}