{"id":177,"date":"2007-05-23T09:26:30","date_gmt":"2007-05-23T06:26:30","guid":{"rendered":"http:\/\/karder.org.tr\/?p=177"},"modified":"2018-04-21T09:27:51","modified_gmt":"2018-04-21T06:27:51","slug":"abbas-kusdogan-ihtiyarlik","status":"publish","type":"post","link":"https:\/\/karder.org.tr\/index.php\/2007\/05\/23\/abbas-kusdogan-ihtiyarlik\/","title":{"rendered":"Abbas Ku\u015fdo\u011fan-\u0130HT\u0130YARLIK"},"content":{"rendered":"<h2 align=\"center\"><b><span style=\"font-family: Verdana; font-size: small;\">\u0130HT\u0130YARLIK<\/span><\/b><\/h2>\n<p align=\"Justify\"><span style=\"font-family: Verdana;\"><span style=\"font-size: small;\">\u0130HT\u0130YARLIK<\/p>\n<p>\u0130htiyarl\u0131k b\u00fckt\u00fc bizim belimiz<br \/>\n\u0130\u015fitmez kulaklar demez dilimiz<br \/>\nUzak etti yak\u0131n olan yolumuz<br \/>\nDilerim mevladan yol ayr\u0131 ge\u00e7mez.<\/p>\n<p>Elbise dikerler patiska bezi<br \/>\nY\u0131rt\u0131l\u0131r pantolon g\u00f6r\u00fcn\u00fcr dizi<br \/>\nBu y\u0131lda birlikte ge\u00e7irdik yaz\u0131<br \/>\nDilerim mevladan k\u0131\u015f ayr\u0131 ge\u00e7mez.<\/p>\n<p>G\u00f6n\u00fcl bah\u00e7esinin solan g\u00fcl\u00fcy\u00fcz<br \/>\nBir a\u011fac\u0131n tutunacak dal\u0131y\u0131z<br \/>\nBilirim ki ya\u015fayan bir \u00f6l\u00fcy\u00fcz<br \/>\nDilerim mevladan s\u00f6z ayr\u0131 ge\u00e7mez.<\/p>\n<p>Bu d\u00fcnya fanidir konanlar g\u00f6\u00e7er<br \/>\n\u00d6\u011frendim ki insan ekti\u011fin bi\u00e7er<br \/>\n\u00d6m\u00fcr say\u0131l\u0131 g\u00fcn tez gelir ge\u00e7er<br \/>\nDilerim mevladan \u00f6z ayr\u0131 ge\u00e7mez.<\/p>\n<p>(Birlikte ya\u015flanan evli bir \u00e7ift i\u00e7in<br \/>\nt\u00fcrk\u00fc s\u00f6z\u00fc olarak yaz\u0131lm\u0131\u015ft\u0131r.)<\/span><\/span><\/p>\n","protected":false},"excerpt":{"rendered":"<p>\u0130HT\u0130YARLIK \u0130HT\u0130YARLIK \u0130htiyarl\u0131k b\u00fckt\u00fc bizim belimiz \u0130\u015fitmez kulaklar demez dilimiz Uzak etti yak\u0131n olan yolumuz Dilerim mevladan yol ayr\u0131 ge\u00e7mez. Elbise dikerler patiska bezi Y\u0131rt\u0131l\u0131r pantolon g\u00f6r\u00fcn\u00fcr dizi Bu y\u0131lda birlikte ge\u00e7irdik yaz\u0131 Dilerim mevladan k\u0131\u015f ayr\u0131 ge\u00e7mez. G\u00f6n\u00fcl bah\u00e7esinin solan g\u00fcl\u00fcy\u00fcz Bir a\u011fac\u0131n tutunacak dal\u0131y\u0131z Bilirim ki ya\u015fayan bir \u00f6l\u00fcy\u00fcz Dilerim mevladan s\u00f6z ayr\u0131 [&hellip;]<\/p>\n","protected":false},"author":2,"featured_media":0,"comment_status":"open","ping_status":"open","sticky":false,"template":"","format":"standard","meta":[],"categories":[5],"tags":[],"_links":{"self":[{"href":"https:\/\/karder.org.tr\/index.php\/wp-json\/wp\/v2\/posts\/177"}],"collection":[{"href":"https:\/\/karder.org.tr\/index.php\/wp-json\/wp\/v2\/posts"}],"about":[{"href":"https:\/\/karder.org.tr\/index.php\/wp-json\/wp\/v2\/types\/post"}],"author":[{"embeddable":true,"href":"https:\/\/karder.org.tr\/index.php\/wp-json\/wp\/v2\/users\/2"}],"replies":[{"embeddable":true,"href":"https:\/\/karder.org.tr\/index.php\/wp-json\/wp\/v2\/comments?post=177"}],"version-history":[{"count":1,"href":"https:\/\/karder.org.tr\/index.php\/wp-json\/wp\/v2\/posts\/177\/revisions"}],"predecessor-version":[{"id":178,"href":"https:\/\/karder.org.tr\/index.php\/wp-json\/wp\/v2\/posts\/177\/revisions\/178"}],"wp:attachment":[{"href":"https:\/\/karder.org.tr\/index.php\/wp-json\/wp\/v2\/media?parent=177"}],"wp:term":[{"taxonomy":"category","embeddable":true,"href":"https:\/\/karder.org.tr\/index.php\/wp-json\/wp\/v2\/categories?post=177"},{"taxonomy":"post_tag","embeddable":true,"href":"https:\/\/karder.org.tr\/index.php\/wp-json\/wp\/v2\/tags?post=177"}],"curies":[{"name":"wp","href":"https:\/\/api.w.org\/{rel}","templated":true}]}}