{"id":181,"date":"2006-12-22T09:31:21","date_gmt":"2006-12-22T07:31:21","guid":{"rendered":"http:\/\/karder.org.tr\/?p=181"},"modified":"2018-04-21T09:32:59","modified_gmt":"2018-04-21T06:32:59","slug":"abbas-kusdogan-gidenlerin-ardindan","status":"publish","type":"post","link":"https:\/\/karder.org.tr\/index.php\/2006\/12\/22\/abbas-kusdogan-gidenlerin-ardindan\/","title":{"rendered":"Abbas Ku\u015fdo\u011fan-G\u0130DENLER\u0130N ARDINDAN"},"content":{"rendered":"<h2 align=\"center\"><b><span style=\"font-family: Verdana; font-size: small;\">G\u0130DENLER\u0130N ARDINDAN<\/span><\/b><\/h2>\n<p align=\"Justify\"><span style=\"font-family: Verdana;\"><span style=\"font-size: small;\">G\u0130DENLER\u0130N ARDINDAN (4.)<\/p>\n<p>Tek H\u00fcseyin \u00e7e\u015fmede s\u0131ra beklerdi<br \/>\nKad\u0131nlar garibi hemen keklerdi<br \/>\n\u00c7ok utan\u0131r hemen dili teklerdi<br \/>\nO da ya\u015f\u0131yordu bizim ellerde<\/p>\n<p>K\u00fcll\u00fc Hasan&#8217;\u0131n eri\u011fini toplard\u0131k<br \/>\nMermi yap\u0131p birbirine atard\u0131k<br \/>\nK\u00fcf\u00fcrler yesek te yine yapard\u0131k<br \/>\nO da ya\u015f\u0131yordu bizim ellerde<\/p>\n<p>Galo\u011f \u0130brahim de yi\u011fit mi yi\u011fit<br \/>\nFadik kar\u0131 ister d\u00fcnyay\u0131 da\u011f\u0131t<br \/>\nGiden gitti art\u0131k bo\u015funa a\u011f\u0131t<br \/>\nO da ya\u015f\u0131yordu bizim ellerde<\/p>\n<p>Asyayla Deli G\u00f6n\u00fcl kap\u0131\u015f\u0131r<br \/>\nG\u00f6\u011f \u0130b\u00f6\u011f m\u00fc \u0130smail mi yak\u0131\u015f\u0131r<br \/>\nKom\u015fular da g\u00fclerekten bak\u0131\u015f\u0131r<br \/>\nOnlar da ya\u015fad\u0131 bizim ellerde<\/p>\n<p>Telali&#8217;nin H\u00fcseyin Pe\u011fci&#8217;nin o\u011flu<br \/>\nG\u00f6z\u00fc g\u00f6\u011f Hasan da buraya do\u011fru<br \/>\nPeltek geldi sat\u0131rlar\u0131 doldurdu<br \/>\nOnlar da ya\u015fad\u0131 bizim ellerde<\/p>\n<p>D\u0131\u015far\u0131dan bak\u0131nca bir Ali Erba\u015f<br \/>\nY\u00fcre\u011finde dolu arkada\u015f garda\u015f<br \/>\nO nu tan\u0131mazs\u0131n olmazsan yolda\u015f<br \/>\nO da ya\u015f\u0131yordu bizim ellerde<\/p>\n<p>K\u00f6r Hasan day\u0131m alaftarl\u0131k yap\u0131yor<br \/>\nArpaya bu\u011fdaya yak\u0131n bak\u0131yor<br \/>\nDostlar i\u00e7in can\u0131n di\u015fe tak\u0131yor<br \/>\nO da ya\u015f\u0131yordu bizim ellerde<\/p>\n<p>\u0130bi\u015f ki\u011frem ticarete at\u0131lm\u0131\u015f<br \/>\nBir tek inek \u00fc\u00e7 be\u015f kere sat\u0131lm\u0131\u015f<br \/>\nEktir Gece kondu k\u00f6yler dola\u015fm\u0131\u015f<br \/>\nO da ya\u015f\u0131yordu bizim ellerde<\/p>\n<p>S\u00fcrt\u00fck K\u00f6r Leyliyi \u00f6n\u00fcne katar<br \/>\nK\u00f6r Ism\u0131han s\u00fcrt\u00fc\u011fe r\u00fcyaya yatar<br \/>\nBir bilbil bu\u011fdaya bir r\u00fcya satar<br \/>\nOnlar da ya\u015fad\u0131 bizim ellerde<\/p>\n<p>Israr etmen gen\u00e7 gideni yazamam<br \/>\nHem kendimi hem dostlar\u0131 \u00fczemem<br \/>\nDilim s\u00f6ylese de m\u0131sra dizemem<br \/>\nY\u00fcre\u011fe kor d\u00fc\u015ft\u00fc bizim ellerde<\/p>\n<p>Bre garda\u015f Bal\u0131k Haydar geliyor<br \/>\nG\u0131r Vahapla Godak Memmet dinliyor<br \/>\nCennet denilince yerler inliyor<br \/>\nOnlar da ya\u015fad\u0131 bizim ellerde<\/p>\n<p>K\u0131z\u0131l His\u00f6\u011f \u015fehirdeydi bilemem<br \/>\nYeter bac\u0131m akrabamd\u0131r g\u00fclemem<br \/>\nBana bakar o na s\u00f6yler diyemem<br \/>\nOnlar da ya\u015fad\u0131 bizim ellerde<\/p>\n<p>Bekar Mamo\u011f ar\u0131tta deste at\u0131yor<br \/>\nKimse yok yaln\u0131z kendi yap\u0131yor<br \/>\nAk\u015famaca iki araba at\u0131yor<br \/>\nO da ya\u015f\u0131yordu bizim ellerde<\/p>\n<p>H\u00fcr\u00fc bac\u0131 oldu bize bir ana<br \/>\nD\u00fc\u015f\u00fcn\u00fcr s\u00f6ylerdi insandan yana<br \/>\nLeyliye kuma de\u011fil sanki kaynana<br \/>\nOnlar da ya\u015fad\u0131 bizim ellerde<\/p>\n<p>Memet oldu bana asker arkada\u015f<br \/>\nVeli Bey e d\u00fc\u015ft\u00fc bir \u00e7ifte ata\u015f<br \/>\nG\u00f6n\u00fcl da\u011fzam geldi sana arkada\u015f<br \/>\nOnlar da ya\u015fad\u0131 bizim ellerde<\/p>\n<p>Kimimiz a\u011flad\u0131k kimimiz g\u00fcld\u00fck<br \/>\nGidenlerin bir bir hayalin g\u00f6rd\u00fck<br \/>\nBilemediklerimi dostlara sorduk<br \/>\nAn\u0131lar ya\u015fas\u0131n bizim ellerde<\/p>\n<p>Ben yazar de\u011filim, \u015fair de de\u011fil<br \/>\nGiden canlar\u0131ma gel sen de e\u011fil<br \/>\nYaz\u0131lanlar do\u011fru, hi\u00e7 yanl\u0131\u015f de\u011fil<br \/>\nDo\u011frular ya\u015fas\u0131n bizim ellerde<\/p>\n<p>Atilla \u00d6zg\u00fcl&#8217;\u00fcm bu \u015fiir bitmez<br \/>\n\u00d6l\u00fcnceye kadar yazar da b\u0131kmaz<br \/>\nGen\u00e7 karde\u015fler bayrak yere b\u0131rakmaz<br \/>\nOnlar da yazacak bizim ellerde&#8230;<\/p>\n<p>Atilla \u00d6zg\u00fcl &#8211; Mersin<br \/>\n<\/span><\/span><\/p>\n","protected":false},"excerpt":{"rendered":"<p>G\u0130DENLER\u0130N ARDINDAN G\u0130DENLER\u0130N ARDINDAN (4.) Tek H\u00fcseyin \u00e7e\u015fmede s\u0131ra beklerdi Kad\u0131nlar garibi hemen keklerdi \u00c7ok utan\u0131r hemen dili teklerdi O da ya\u015f\u0131yordu bizim ellerde K\u00fcll\u00fc Hasan&#8217;\u0131n eri\u011fini toplard\u0131k Mermi yap\u0131p birbirine atard\u0131k K\u00fcf\u00fcrler yesek te yine yapard\u0131k O da ya\u015f\u0131yordu bizim ellerde Galo\u011f \u0130brahim de yi\u011fit mi yi\u011fit Fadik kar\u0131 ister d\u00fcnyay\u0131 da\u011f\u0131t Giden gitti [&hellip;]<\/p>\n","protected":false},"author":2,"featured_media":0,"comment_status":"open","ping_status":"open","sticky":false,"template":"","format":"standard","meta":[],"categories":[5],"tags":[],"_links":{"self":[{"href":"https:\/\/karder.org.tr\/index.php\/wp-json\/wp\/v2\/posts\/181"}],"collection":[{"href":"https:\/\/karder.org.tr\/index.php\/wp-json\/wp\/v2\/posts"}],"about":[{"href":"https:\/\/karder.org.tr\/index.php\/wp-json\/wp\/v2\/types\/post"}],"author":[{"embeddable":true,"href":"https:\/\/karder.org.tr\/index.php\/wp-json\/wp\/v2\/users\/2"}],"replies":[{"embeddable":true,"href":"https:\/\/karder.org.tr\/index.php\/wp-json\/wp\/v2\/comments?post=181"}],"version-history":[{"count":1,"href":"https:\/\/karder.org.tr\/index.php\/wp-json\/wp\/v2\/posts\/181\/revisions"}],"predecessor-version":[{"id":182,"href":"https:\/\/karder.org.tr\/index.php\/wp-json\/wp\/v2\/posts\/181\/revisions\/182"}],"wp:attachment":[{"href":"https:\/\/karder.org.tr\/index.php\/wp-json\/wp\/v2\/media?parent=181"}],"wp:term":[{"taxonomy":"category","embeddable":true,"href":"https:\/\/karder.org.tr\/index.php\/wp-json\/wp\/v2\/categories?post=181"},{"taxonomy":"post_tag","embeddable":true,"href":"https:\/\/karder.org.tr\/index.php\/wp-json\/wp\/v2\/tags?post=181"}],"curies":[{"name":"wp","href":"https:\/\/api.w.org\/{rel}","templated":true}]}}