{"id":189,"date":"2006-06-22T09:37:26","date_gmt":"2006-06-22T06:37:26","guid":{"rendered":"http:\/\/karder.org.tr\/?p=189"},"modified":"2018-04-21T09:38:20","modified_gmt":"2018-04-21T06:38:20","slug":"abbas-kusdogan-hos-geldin","status":"publish","type":"post","link":"https:\/\/karder.org.tr\/index.php\/2006\/06\/22\/abbas-kusdogan-hos-geldin\/","title":{"rendered":"Abbas Ku\u015fdo\u011fan-HO\u015e GELD\u0130N"},"content":{"rendered":"<h2 align=\"center\"><b><span style=\"font-family: Verdana; font-size: small;\">HO\u015e GELD\u0130N<\/span><\/b><\/h2>\n<p align=\"Justify\">\n<p>Hayli zaman oldu g\u00f6n\u00fcl \u00f6zledi,<br \/>\nMerhaba ho\u015fgeldin hallar\u0131n nas\u0131l?<br \/>\nBir\u00e7ok dostlar g\u00f6rd\u00fcn sohbet eyledin,<br \/>\nMerhaba, ho\u015fgeldin hallar\u0131n nas\u0131l?<\/p>\n<p>Dakikada kay\u0131p etsem g\u00f6z\u00fcmden,<br \/>\nHasretin ate\u015fi yakar \u00f6z\u00fcmden,<br \/>\nYemin ettim ayr\u0131lmay\u0131m izinden,<br \/>\nMerhaba, ho\u015fgeldin hallar\u0131n nas\u0131l?<\/p>\n<p>Gittin gurbet ele d\u00f6nmedin hemen,<br \/>\n\u00c7ekmi\u015f abidane yok \u015f\u00fcphe g\u00fcman,<br \/>\nD\u00f6n\u00fcnce s\u0131laya \u00e7ok ge\u00e7ti zaman,<br \/>\nMerhaba, ho\u015fgeldin hallar\u0131n nas\u0131l?<\/p>\n<p>Var idi i\u00e7imde merak bir d\u00fcz\u00fcm,<br \/>\nGece, g\u00fcnd\u00fcz kald\u0131 yollarda g\u00f6z\u00fcm,<br \/>\nHay\u0131rl\u0131 haber ver, sevindir \u00f6z\u00fcm,<br \/>\nMerhaba, ho\u015fgeldin hallar\u0131n nas\u0131l?<\/p>\n<p>(H\u00fcseyin), sohbetin sever haz eder,<br \/>\nHat\u0131rlar\u0131n sorar h\u00fcrmet arzeder,<br \/>\nHamdolsun kalmad\u0131 gitti gam keder,<br \/>\nMerhaba, ho\u015fgeldin hallar\u0131n nas\u0131l?<br \/>\nH\u00fcseyin Ayd\u0131n.<\/p>\n","protected":false},"excerpt":{"rendered":"<p>HO\u015e GELD\u0130N Hayli zaman oldu g\u00f6n\u00fcl \u00f6zledi, Merhaba ho\u015fgeldin hallar\u0131n nas\u0131l? Bir\u00e7ok dostlar g\u00f6rd\u00fcn sohbet eyledin, Merhaba, ho\u015fgeldin hallar\u0131n nas\u0131l? Dakikada kay\u0131p etsem g\u00f6z\u00fcmden, Hasretin ate\u015fi yakar \u00f6z\u00fcmden, Yemin ettim ayr\u0131lmay\u0131m izinden, Merhaba, ho\u015fgeldin hallar\u0131n nas\u0131l? Gittin gurbet ele d\u00f6nmedin hemen, \u00c7ekmi\u015f abidane yok \u015f\u00fcphe g\u00fcman, D\u00f6n\u00fcnce s\u0131laya \u00e7ok ge\u00e7ti zaman, Merhaba, ho\u015fgeldin hallar\u0131n nas\u0131l? [&hellip;]<\/p>\n","protected":false},"author":2,"featured_media":0,"comment_status":"open","ping_status":"open","sticky":false,"template":"","format":"standard","meta":[],"categories":[5],"tags":[],"_links":{"self":[{"href":"https:\/\/karder.org.tr\/index.php\/wp-json\/wp\/v2\/posts\/189"}],"collection":[{"href":"https:\/\/karder.org.tr\/index.php\/wp-json\/wp\/v2\/posts"}],"about":[{"href":"https:\/\/karder.org.tr\/index.php\/wp-json\/wp\/v2\/types\/post"}],"author":[{"embeddable":true,"href":"https:\/\/karder.org.tr\/index.php\/wp-json\/wp\/v2\/users\/2"}],"replies":[{"embeddable":true,"href":"https:\/\/karder.org.tr\/index.php\/wp-json\/wp\/v2\/comments?post=189"}],"version-history":[{"count":2,"href":"https:\/\/karder.org.tr\/index.php\/wp-json\/wp\/v2\/posts\/189\/revisions"}],"predecessor-version":[{"id":191,"href":"https:\/\/karder.org.tr\/index.php\/wp-json\/wp\/v2\/posts\/189\/revisions\/191"}],"wp:attachment":[{"href":"https:\/\/karder.org.tr\/index.php\/wp-json\/wp\/v2\/media?parent=189"}],"wp:term":[{"taxonomy":"category","embeddable":true,"href":"https:\/\/karder.org.tr\/index.php\/wp-json\/wp\/v2\/categories?post=189"},{"taxonomy":"post_tag","embeddable":true,"href":"https:\/\/karder.org.tr\/index.php\/wp-json\/wp\/v2\/tags?post=189"}],"curies":[{"name":"wp","href":"https:\/\/api.w.org\/{rel}","templated":true}]}}