{"id":204,"date":"2005-06-11T09:48:09","date_gmt":"2005-06-11T06:48:09","guid":{"rendered":"http:\/\/karder.org.tr\/?p=204"},"modified":"2018-04-21T09:48:57","modified_gmt":"2018-04-21T06:48:57","slug":"abbas-kusdogan-canim-karaca","status":"publish","type":"post","link":"https:\/\/karder.org.tr\/index.php\/2005\/06\/11\/abbas-kusdogan-canim-karaca\/","title":{"rendered":"Abbas Ku\u015fdo\u011fan-CANIM KARACA"},"content":{"rendered":"<h2 align=\"center\"><b><span style=\"font-family: Verdana; font-size: small;\">CANIM KARACA<\/span><\/b><\/h2>\n<p align=\"Justify\"><span style=\"font-family: Verdana;\"><span style=\"font-size: small;\"><br \/>\nYaslanm\u0131\u015fs\u0131n ku\u015ftepenin s\u0131rt\u0131na.<br \/>\nAlm\u0131\u015fs\u0131n kar\u015f\u0131na argac\u0131 kurucay\u0131,<br \/>\nA\u00e7m\u0131\u015fs\u0131n ba\u011fr\u0131n\u0131 g\u00fcne\u015fin bat\u0131\u015f\u0131na,<br \/>\nCan\u0131m Karaca<br \/>\nO kavuran g\u00fcne\u015fin s\u0131ca\u011f\u0131nda,<br \/>\nBirde alay ederler hep seninle.<br \/>\nDerler ya daha kavruluyor mu?<br \/>\nG\u00fcne\u015fin kar\u015f\u0131s\u0131nda<br \/>\nCANIM KARACA.<\/span><\/span><\/p>\n","protected":false},"excerpt":{"rendered":"<p>CANIM KARACA Yaslanm\u0131\u015fs\u0131n ku\u015ftepenin s\u0131rt\u0131na. Alm\u0131\u015fs\u0131n kar\u015f\u0131na argac\u0131 kurucay\u0131, A\u00e7m\u0131\u015fs\u0131n ba\u011fr\u0131n\u0131 g\u00fcne\u015fin bat\u0131\u015f\u0131na, Can\u0131m Karaca O kavuran g\u00fcne\u015fin s\u0131ca\u011f\u0131nda, Birde alay ederler hep seninle. Derler ya daha kavruluyor mu? G\u00fcne\u015fin kar\u015f\u0131s\u0131nda CANIM KARACA.<\/p>\n","protected":false},"author":2,"featured_media":0,"comment_status":"open","ping_status":"open","sticky":false,"template":"","format":"standard","meta":[],"categories":[5],"tags":[],"_links":{"self":[{"href":"https:\/\/karder.org.tr\/index.php\/wp-json\/wp\/v2\/posts\/204"}],"collection":[{"href":"https:\/\/karder.org.tr\/index.php\/wp-json\/wp\/v2\/posts"}],"about":[{"href":"https:\/\/karder.org.tr\/index.php\/wp-json\/wp\/v2\/types\/post"}],"author":[{"embeddable":true,"href":"https:\/\/karder.org.tr\/index.php\/wp-json\/wp\/v2\/users\/2"}],"replies":[{"embeddable":true,"href":"https:\/\/karder.org.tr\/index.php\/wp-json\/wp\/v2\/comments?post=204"}],"version-history":[{"count":1,"href":"https:\/\/karder.org.tr\/index.php\/wp-json\/wp\/v2\/posts\/204\/revisions"}],"predecessor-version":[{"id":205,"href":"https:\/\/karder.org.tr\/index.php\/wp-json\/wp\/v2\/posts\/204\/revisions\/205"}],"wp:attachment":[{"href":"https:\/\/karder.org.tr\/index.php\/wp-json\/wp\/v2\/media?parent=204"}],"wp:term":[{"taxonomy":"category","embeddable":true,"href":"https:\/\/karder.org.tr\/index.php\/wp-json\/wp\/v2\/categories?post=204"},{"taxonomy":"post_tag","embeddable":true,"href":"https:\/\/karder.org.tr\/index.php\/wp-json\/wp\/v2\/tags?post=204"}],"curies":[{"name":"wp","href":"https:\/\/api.w.org\/{rel}","templated":true}]}}