{"id":208,"date":"2012-07-25T09:51:23","date_gmt":"2012-07-25T06:51:23","guid":{"rendered":"http:\/\/karder.org.tr\/?p=208"},"modified":"2018-04-21T09:52:13","modified_gmt":"2018-04-21T06:52:13","slug":"riza-cengiz-malatyada-yer-sarsintisimalatyada-deprem","status":"publish","type":"post","link":"https:\/\/karder.org.tr\/index.php\/2012\/07\/25\/riza-cengiz-malatyada-yer-sarsintisimalatyada-deprem\/","title":{"rendered":"R\u0131za Cengiz-MALATYA\u2019da Yer Sars\u0131nt\u0131s\u0131(Malatya\u2019da DEPREM!..)"},"content":{"rendered":"<h2 align=\"center\"><b><span style=\"font-family: Verdana; font-size: small;\">MALATYA\u2019da Yer Sars\u0131nt\u0131s\u0131(Malatya\u2019da DEPREM!..)<\/span><\/b><\/h2>\n<p align=\"Justify\"><span style=\"font-family: Verdana;\"><span style=\"font-size: small;\">MALATYA\u2019da Yer Sars\u0131nt\u0131s\u0131<br \/>\n(Malatya\u2019da DEPREM!&#8230;)<\/p>\n<p>Malatya\u2019m\u0131z ve t\u00fcm\u00fcyle d\u00fcnyam\u0131z devaml\u0131 sars\u0131lmaktad\u0131r. Bu sars\u0131lmay\u0131 (depremi) felaket haline getiren yap\u0131lard\u0131r. Yap\u0131lar, zemin \u00f6zelli\u011fi dikkate al\u0131narak yap\u0131ld\u0131\u011f\u0131nda; 7 (Richter) b\u00fcy\u00fckl\u00fc\u011f\u00fcndeki yer sars\u0131nt\u0131lar\u0131 sadece sars\u0131nt\u0131 olarak kal\u0131r. \u00d6rnek mi? \u0130\u015fte Japonya. Ancak, hi\u00e7bir m\u00fchendislik kurallar\u0131 olmadan yap\u0131lan yap\u0131larda, 7,4 b\u00fcy\u00fckl\u00fc\u011f\u00fcndeki deprem 100.000 (y\u00fcz bin) yap\u0131y\u0131 y\u0131km\u0131\u015f ve resmi rakamlara g\u00f6re de 18.000 insan\u0131m\u0131z\u0131n can\u0131na mal olmu\u015ftur. Bu yer tabi ki anla\u015f\u0131ld\u0131. Ama yinede yazay\u0131m. \u0130STANBUL.<br \/>\nDeprem konusunda yaz\u0131 yazmam istendi\u011finde resmi kurumlar, \u00fcniversitelerin yay\u0131nlar\u0131 elden geldi\u011fince g\u00f6zden ge\u00e7irilmi\u015ftir. Ancak, en \u00e7ok yararland\u0131\u011f\u0131m kaynaklar\u0131n TMMOB\u2019a ba\u011fl\u0131 JEOLOJ\u0130 M\u00dcHEND\u0130SLER\u0130 ODASI yay\u0131nlar\u0131 oldu\u011funu \u00f6zellikle belirtmem gerekmektedir.<br \/>\nJEOLOJ\u0130 M\u00dcHEND\u0130SLER\u0130 ODASI, 6235 say\u0131l\u0131 T\u00dcRK M\u00dcHEND\u0130S VE M\u0130MAR ODALARI B\u0130RL\u0130\u011e\u0130 Kanununa istinaden kurulmu\u015f, t\u00fczel ki\u015fili\u011fe sahip, Kamu Kurumu niteli\u011finde bir meslek \u00f6rg\u00fct\u00fcd\u00fcr. Bu yasal temelde ama\u00e7 ve g\u00f6revimiz \u00fclke ve meslek \u00e7\u0131karlar\u0131n\u0131n korunmas\u0131 i\u00e7in \u00f6neriler geli\u015ftirerek ilgili makamlara sunmakt\u0131r. G\u00f6revimizi bu yaz\u0131y\u0131 yay\u0131nlayarak yapt\u0131ran herkese en i\u00e7ten te\u015fekk\u00fcrlerimizi sunmak istiyorum.<br \/>\nDeprem konusunu derinlemesine incelemek i\u00e7in; JMO\u2019nun g\u00f6rev ve \u00e7al\u0131\u015fmalar\u0131ndan s\u00f6z etmemiz gereklidir. Oda \u00e7al\u0131\u015fmalar\u0131m\u0131z tabi\u00ee ki yasal \u00e7er\u00e7evede y\u00fcr\u00fct\u00fclmektedir. Bunun yan\u0131nda t\u00fcm bilgi payla\u015f\u0131m\u0131, toplanmas\u0131 ve iletilmesi yakla\u015f\u0131k onbe\u015f bin Jeoloji M\u00fchendisi ile birlikte ger\u00e7ekle\u015fmektedir. T\u00fcm Devlet Kurumlar\u0131ndan yaralan\u0131lmaktad\u0131r. \u00c7o\u011funlu\u011fun kat\u0131ld\u0131\u011f\u0131, tart\u0131\u015ft\u0131\u011f\u0131 bilgi payla\u015f\u0131m\u0131 her y\u0131l yap\u0131lmaktad\u0131r. Her y\u0131l bir hafta boyunca onlarca konferans, onlarca panel ger\u00e7ekle\u015ftirilmekte ve onlarca bildiri verilmektedir (\u00f6rnek verecek olursak bu y\u0131l, 2-6 Nisan 2011 tarihlerinde 65. Jeoloji Kurultay\u0131 yap\u0131lacakt\u0131r. Gayet tabi\u00ee ki bu kurultayda Van depremi de ele al\u0131nacakt\u0131r.)<br \/>\nBu toplant\u0131lara t\u00fcm \u00fcniversiteler (hatta yabanc\u0131 \u00fclke \u00fcniversiteleri), t\u00fcm resmi kurumlar ve tabi ki t\u00fcm Jeoloji M\u00fchendisleri davet edilmektedir. \u00d6rnek verecek olursak Malatya\u2019m\u0131z\u0131n deprem durumu (ve di\u011fer jeolojik durumlar\u0131) da odam\u0131zda tart\u0131\u015f\u0131lm\u0131\u015f, konu\u015fulmu\u015f ve bu bilgiler Malatya\u2019da ya\u015fayan insanlar\u0131m\u0131za, Malatya\u2019m\u0131zda yap\u0131lan bir sempozyumla ve bas\u0131n bilgilendirilmesiyle (yerel televizyon ve yerel bas\u0131n) duyurulmu\u015ftur. Baz\u0131 meslekta\u015flar\u0131m\u0131z &lt;&lt;malatya\u2019da yak\u0131n=&#8221;&#8221; zamanda=&#8221;&#8221; deprem=&#8221;&#8221; olmayacak=&#8221;&#8221;&gt;&gt; ve baz\u0131 di\u011fer meslekten olan m\u00fchendis arkada\u015flar\u0131m\u0131z da &lt;&lt;malatya\u2019da deprem=&#8221;&#8221; olacak=&#8221;&#8221;&gt;&gt; gibi tamamen kendilerini ba\u011flayacak a\u00e7\u0131klamalar yapmaktad\u0131rlar. B\u00f6yle a\u00e7\u0131klamalar Jeoloji M\u00fchendisleri Odas\u0131n\u0131n ve Jeoloji M\u00fchendislerinin g\u00f6r\u00fc\u015fleri de\u011fildir.<br \/>\nBizler, Jeoloji M\u00fchendisleri olarak \u00e7ok dertliyiz. Derdimiz, sorunumuz Malatya ve Malarya\u2019l\u0131lard\u0131r. Derdimiz \u00e7ok olunca bunu anlatmak da zor olmaktad\u0131r. Biz kimseyi su\u00e7lamak istemiyoruz ama Malarya\u2019l\u0131lar\u0131n sorunlar\u0131n\u0131n giderilmesini istiyoruz. G\u00f6r\u00fc\u015flerimizi biraz a\u00e7al\u0131m.<br \/>\nDeprem\u2026! \u00c7o\u011fumuzun hareketsiz zannetti\u011fi ve g\u00fcvenle aya\u011f\u0131n\u0131 bast\u0131\u011f\u0131 yerkabu\u011funun, \u00fczerinde bulunan t\u00fcm yap\u0131larda da hasara ve can kay\u0131plar\u0131na neden olabilecek derecede hareketli oldu\u011funu g\u00f6steren bir do\u011fa olay\u0131d\u0131r.<br \/>\nMalatya\u2019m\u0131z, Do\u011fu Anadolu Fay Zonu olarak adland\u0131r\u0131lan aktif fay ku\u015fa\u011f\u0131nda yer almaktad\u0131r ve birinci derece deprem b\u00f6lgesinde bulunmaktad\u0131r. Bu ku\u015fakta 6.7 ile 7.8 b\u00fcy\u00fckl\u00fc\u011f\u00fcnde depremler olmu\u015ftur. Ayr\u0131ca y\u0131k\u0131c\u0131 olmayan binlerce deprem (yer sars\u0131nt\u0131s\u0131) olmu\u015ftur ve olmaya devam edecektir. Son y\u00fcz y\u0131lda Do\u011fu Anadolu Fay Zonu boyunca y\u0131k\u0131c\u0131 deprem olmam\u0131\u015ft\u0131r ancak yap\u0131lan \u00e7al\u0131\u015fmalar bundan sonraki y\u0131llarda bu aktif fay zonunun y\u0131k\u0131c\u0131 depremlere gebe oldu\u011funu g\u00f6stermektedir.<br \/>\nG\u00fcn\u00fcm\u00fczde deprem zararlar\u0131n\u0131; gerek can ve mal kayb\u0131, gerekse sosyal ve ekonomik kayb\u0131 y\u00f6nleriyle azaltman\u0131n tek yolu, depremlerin hangi b\u00f6lgelerde, hangi b\u00fcy\u00fckl\u00fckte olabilece\u011fini do\u011fru saptay\u0131p, bu b\u00f6lgelerde jeolojik et\u00fctler yaparak depremlerden en az zarar g\u00f6recek yap\u0131y\u0131 yapmakt\u0131r.<br \/>\nMalatya\u2019m\u0131z bir daha s\u00f6yleyelim, 1. Derece Deprem Ku\u015fa\u011f\u0131ndad\u0131r. Zemin-Temel Et\u00fctleri, ad\u0131ndan da anla\u015f\u0131laca\u011f\u0131 \u00fczere, temel \u00f6nceliktir. Zemin Et\u00fcd\u00fc olmadan yap\u0131la\u015fma olmamal\u0131d\u0131r. Bu g\u00f6r\u00fc\u015flerimiz ve bilgilerimiz, 1994 y\u0131l\u0131ndan 20.03.2003 y\u0131l\u0131na kadar yerel y\u00f6netimlere bildirilmi\u015ftir.<br \/>\nMalatya\u2019m\u0131zda Zemin Et\u00fcd\u00fc \u00e7al\u0131\u015fmalar\u0131 A\u011fustos\u20131999 depreminden \u00e7ok sonra 20.05.2003 tarihinde ba\u015flam\u0131\u015ft\u0131r. Ancak\u2026! Battalgazi il\u00e7emiz hari\u00e7, di\u011fer t\u00fcm il\u00e7elerimizde Zemin Et\u00fcd\u00fc \u00e7al\u0131\u015fmalar\u0131 hala yap\u0131lmamaktad\u0131r. Zemin Et\u00fcd\u00fc \u00e7al\u0131\u015fmalar\u0131 yapt\u0131rmayan veya Zemin Et\u00fcd\u00fc raporlar\u0131n\u0131 JMO\u2019ya g\u00f6ndermeyen il\u00e7elerimizin Belediye Ba\u015fkanlar\u0131na mutlaka Zemin Et\u00fcd\u00fc \u00e7al\u0131\u015fmalar\u0131 yapt\u0131rmalar\u0131 gerekti\u011fi bilgisi verilmi\u015ftir. Felaket \u00e7a\u011f\u0131r\u0131c\u0131s\u0131 olmak istemiyoruz ama; \u00f6rne\u011fin Do\u011fan\u015fehir il\u00e7emiz tarihi boyunca 4 kez deprem sonucu deyim yerindeyse yerle bir olmu\u015ftur. Yaz\u0131han il\u00e7emizin tam ortas\u0131ndan-yukar\u0131daki t\u00fcm olumsuzluklara ilaveten-bir de Malatya Fay\u0131 ge\u00e7mektedir. Bu fay Arguvan il\u00e7emizden Erzincan\u2019a kadar uzanmaktad\u0131r. Bu fay aktif (hareketli) bir fayd\u0131r. Do\u011fanyol ve P\u00fct\u00fcrge il\u00e7elerimiz Do\u011fu Anadolu Fay Zonunun hemen kenar\u0131ndad\u0131r. Kale il\u00e7emiz bindirme faylar\u0131 yan\u0131ndad\u0131r.<br \/>\nK\u0131saca, Malatya\u2019m\u0131z il merkezi ve il\u00e7eleriyle aktif deprem ku\u015fa\u011f\u0131nda yer almaktad\u0131r. \u00d6yle ki g\u00fcnl\u00fck depremler (yer sars\u0131nt\u0131s\u0131) olmaktad\u0131r. B\u00fcy\u00fckl\u00fckleri 4.5\u2019den az olan bu yer sars\u0131nt\u0131lar\u0131 (depremler) hissedilmemektedir. Malatya\u2019m\u0131z olu\u015ftu\u011fu yerden 15 km bat\u0131ya kaym\u0131\u015ft\u0131r. G\u00fcneyden yap\u0131lan itim nedeniyle depremler olu\u015fmakta, Malatya ve y\u00f6resi bat\u0131ya kaymaktad\u0131r. Bu kayma h\u0131z\u0131 y\u0131lda yakla\u015f\u0131k 7.9 milimetredir. Bu nedenle Malatya il ve il\u00e7elerinde s\u00fcrekli yer sars\u0131nt\u0131lar\u0131 (depremler) olu\u015fmaktad\u0131r. Bu yer sars\u0131nt\u0131lar\u0131n\u0131n (depremlerin) \u00e7o\u011funu hissetmiyoruz.<br \/>\nT\u00fcm bu bilgilerin \u0131\u015f\u0131\u011f\u0131nda; yap\u0131lar\u0131n zemin \u00f6zelli\u011fine g\u00f6re yap\u0131lmas\u0131 \u015fartt\u0131r denilebilir.<br \/>\nMalatya\u2019m\u0131z Beyda\u011flar\u0131 ete\u011finde: yama\u00e7 molozu dedi\u011fimiz, yumu\u015fak, \u00e7imentosuz (birbirine tutturulmam\u0131\u015f) zay\u0131f zemin \u00fczerine kurulmu\u015ftur. \u0130limizin hali haz\u0131rdaki yerle\u015fim yerinden kuzeye do\u011fru gidildik\u00e7e zemin daha da k\u00f6t\u00fcle\u015fmekte, g\u00fcneye do\u011fru ise zemin sa\u011flamla\u015fmaktad\u0131r. Ne yaz\u0131k ki, t\u00fcm ikaz ve \u0131srarlar\u0131m\u0131za kar\u015f\u0131n kuzeye do\u011fru (ovaya do\u011fru) olan yerle\u015fim g\u00fcn ge\u00e7tik\u00e7e \u00e7o\u011falmaktad\u0131r. Jeolojik olarak, se\u00e7ilebilecek en yanl\u0131\u015f yerle\u015fim b\u00f6lgeleridir (yeridir). Say\u0131n Belediye Ba\u015fkan\u0131m\u0131z yak\u0131n bir zaman dilimi i\u00e7erisinde kuzey \u00e7evre yolunun tamamlanaca\u011f\u0131n\u0131 ifade etmektedir. Kuzey \u00c7evre Yolu ovadan, kay\u0131s\u0131 bah\u00e7elerinden, tar\u0131m arazilerinden, bizim i\u00e7in en \u00f6nemli olan\u0131 da jeolojik olarak en zay\u0131f zeminden, daha ba\u015fka bir ifadeyle en olmayacak (ge\u00e7meyecek) yerden ge\u00e7ecektir. Oysa Malatya\u2019n\u0131n en sa\u011flam zemini Beyda\u011flar\u0131d\u0131r. Yerle\u015fim ve yollar Beyda\u011flar\u0131nda yap\u0131lmal\u0131d\u0131r. Beyda\u011flar\u0131nda yerle\u015fim ve yollar\u0131n ekonomik olarak pahal\u0131 olaca\u011f\u0131 ileri s\u00fcr\u00fclebilir. Ancak OTD\u00dc\u2018de yap\u0131lan \u00e7al\u0131\u015fmalara g\u00f6re 4 k\u00f6pr\u00fc, 1 viyad\u00fck ile yol yap\u0131lmaktad\u0131r. On misli fazla masrafla da yap\u0131lsa dahi, tar\u0131m arazilerinden, kay\u0131s\u0131 bah\u00e7elerinden ge\u00e7en yoldan daha ucuz olacakt\u0131r. Kald\u0131 ki ekonomi bu durumlarda hi\u00e7 d\u00fc\u015f\u00fcn\u00fclmemelidir. Beyda\u011flar\u0131 kire\u00e7ta\u015flar\u0131 ile kapl\u0131d\u0131r. Yani jeolojik olarak sa\u011flam zemin olu\u015fturmaktad\u0131r. Kuzeye do\u011fru (hemen dibinde) yer yer \u00e7imentosuz, baz\u0131 alanlarda \u00e7imentolu olan yama\u00e7 molozu yer almaktad\u0131r. Bu durum in\u015faat\u00e7\u0131lar\u0131 yan\u0131ltmaktad\u0131r. Akarsu \u00e7\u00f6kelleri, al\u00fcvyon ve bunlar\u0131n alt\u0131nda kal\u0131nl\u0131klar\u0131 3.000 metreyi bulan killi birimler yer almaktad\u0131r. T\u00fcm bu verileri dikkate al\u0131nd\u0131\u011f\u0131nda, ovadaki yerle\u015fimin (yol vb. yap\u0131lar) Beyda\u011flar\u0131na g\u00f6re daha pahal\u0131 ve insanlar\u0131m\u0131z i\u00e7in daha sak\u0131ncal\u0131 olacakt\u0131r.<br \/>\nJeoloji M\u00fchendisli\u011fi ilgi ve bilgi alan\u0131na girmekte olan sorunlar, yukar\u0131da yazd\u0131\u011f\u0131m\u0131z \u00f6zet yaz\u0131 ile bitirilemez.<br \/>\nDeprem konusu yan\u0131nda; mesle\u011fimiz ve Malatya\u2019m\u0131zla ilgili di\u011fer konular\u0131 ba\u015fl\u0131klar halinde yaz\u0131p yaz\u0131m\u0131z\u0131 bitirelim.<br \/>\nD\u00fcnyan\u0131n, T\u00fcrkiye\u2019nin de b\u00fcy\u00fck sorunu olan, yeralt\u0131 ve yer\u00fcst\u00fc su sorunu, Malatya\u2019m\u0131z i\u00e7in de sorun te\u015fkil etmektedir.<br \/>\nMalatya i\u00e7erisindeki yer alt\u0131 suyu durumu yap\u0131 g\u00fcvenli\u011fi i\u00e7in \u00f6nemlidir. Ayr\u0131ca Malatya ve il\u00e7elerinde yeralt\u0131 suyu t\u00fcm\u00fcyle programs\u0131z ve projesiz bir \u015fekilde kullan\u0131lmaktad\u0131r. Bu durum b\u00fcy\u00fck sorun \u00e7\u0131karmakta ve ilerleyen y\u0131llarda daha da b\u00fcy\u00fck sorun \u00e7\u0131karacakt\u0131r. T\u00fcm ilimizde vah\u015fi sulamadan (ark, kanaldan) vazge\u00e7ilmelidir.<br \/>\n\u0130limizde drenaj sistemi yoktur. \u0130mar a\u00e7\u0131s\u0131ndan \u00e7ok dikkatli ve bilimsel \u00e7al\u0131\u015fmalar yap\u0131lmal\u0131d\u0131r. Ya\u011f\u0131\u015f azalmas\u0131 ve dengesizli\u011fi g\u00f6r\u00fclmektedir. Malatya\u2019n\u0131n ya\u011f\u0131\u015f sular\u0131n\u0131 Beyda\u011flar\u0131ndan kuzeye ta\u015f\u0131yan 3-4 dere vard\u0131. Ancak bu derelerin yerinde caddeler, sokak ve<br \/>\nevler vard\u0131.<br \/>\nSon sorunumuz \u00e7\u00f6p deponi alanlar\u0131d\u0131r. Malatya\u2019m\u0131z\u0131n \u00e7\u00f6p deponi alanlar\u0131n\u0131n se\u00e7iminde jeolojik et\u00fctlerin yap\u0131lmas\u0131 insan ve \u00e7evre sa\u011fl\u0131\u011f\u0131 a\u00e7\u0131s\u0131ndan \u00f6nem ta\u015f\u0131maktad\u0131r. Bu \u00e7al\u0131\u015fmalar acilen yap\u0131lmal\u0131d\u0131r.<br \/>\nR\u0131za CENG\u0130Z<br \/>\nJeoloji M\u00fchendisi&lt;\/malatya\u2019da&gt;&lt;\/malatya\u2019da&gt;<\/span><\/span><\/p>\n","protected":false},"excerpt":{"rendered":"<p>MALATYA\u2019da Yer Sars\u0131nt\u0131s\u0131(Malatya\u2019da DEPREM!..) MALATYA\u2019da Yer Sars\u0131nt\u0131s\u0131 (Malatya\u2019da DEPREM!&#8230;) Malatya\u2019m\u0131z ve t\u00fcm\u00fcyle d\u00fcnyam\u0131z devaml\u0131 sars\u0131lmaktad\u0131r. Bu sars\u0131lmay\u0131 (depremi) felaket haline getiren yap\u0131lard\u0131r. Yap\u0131lar, zemin \u00f6zelli\u011fi dikkate al\u0131narak yap\u0131ld\u0131\u011f\u0131nda; 7 (Richter) b\u00fcy\u00fckl\u00fc\u011f\u00fcndeki yer sars\u0131nt\u0131lar\u0131 sadece sars\u0131nt\u0131 olarak kal\u0131r. \u00d6rnek mi? \u0130\u015fte Japonya. Ancak, hi\u00e7bir m\u00fchendislik kurallar\u0131 olmadan yap\u0131lan yap\u0131larda, 7,4 b\u00fcy\u00fckl\u00fc\u011f\u00fcndeki deprem 100.000 (y\u00fcz bin) yap\u0131y\u0131 [&hellip;]<\/p>\n","protected":false},"author":2,"featured_media":0,"comment_status":"open","ping_status":"open","sticky":false,"template":"","format":"standard","meta":[],"categories":[5],"tags":[],"_links":{"self":[{"href":"https:\/\/karder.org.tr\/index.php\/wp-json\/wp\/v2\/posts\/208"}],"collection":[{"href":"https:\/\/karder.org.tr\/index.php\/wp-json\/wp\/v2\/posts"}],"about":[{"href":"https:\/\/karder.org.tr\/index.php\/wp-json\/wp\/v2\/types\/post"}],"author":[{"embeddable":true,"href":"https:\/\/karder.org.tr\/index.php\/wp-json\/wp\/v2\/users\/2"}],"replies":[{"embeddable":true,"href":"https:\/\/karder.org.tr\/index.php\/wp-json\/wp\/v2\/comments?post=208"}],"version-history":[{"count":1,"href":"https:\/\/karder.org.tr\/index.php\/wp-json\/wp\/v2\/posts\/208\/revisions"}],"predecessor-version":[{"id":209,"href":"https:\/\/karder.org.tr\/index.php\/wp-json\/wp\/v2\/posts\/208\/revisions\/209"}],"wp:attachment":[{"href":"https:\/\/karder.org.tr\/index.php\/wp-json\/wp\/v2\/media?parent=208"}],"wp:term":[{"taxonomy":"category","embeddable":true,"href":"https:\/\/karder.org.tr\/index.php\/wp-json\/wp\/v2\/categories?post=208"},{"taxonomy":"post_tag","embeddable":true,"href":"https:\/\/karder.org.tr\/index.php\/wp-json\/wp\/v2\/tags?post=208"}],"curies":[{"name":"wp","href":"https:\/\/api.w.org\/{rel}","templated":true}]}}