{"id":304,"date":"2009-02-24T11:09:51","date_gmt":"2009-02-24T09:09:51","guid":{"rendered":"http:\/\/karder.org.tr\/?p=304"},"modified":"2018-04-21T11:10:39","modified_gmt":"2018-04-21T08:10:39","slug":"riza-turhan-saygideger-mehmet-sehirli","status":"publish","type":"post","link":"https:\/\/karder.org.tr\/index.php\/2009\/02\/24\/riza-turhan-saygideger-mehmet-sehirli\/","title":{"rendered":"R\u0131za Turhan-SAYGIDE\u011eER MEHMET \u015eEH\u0130RL\u0130"},"content":{"rendered":"<h2 align=\"center\"><b><span style=\"font-family: Verdana; font-size: small;\">SAYGIDE\u011eER MEHMET \u015eEH\u0130RL\u0130<\/span><\/b><\/h2>\n<p align=\"Justify\"><span style=\"font-family: Verdana;\"><span style=\"font-size: small;\">Sayg\u0131de\u011fer Mehmet \u015eehirli, Size bu ikinci iletimde yazd\u0131klar\u0131mdan da anlayacaks\u0131n\u0131z ki siyaset bir yana kan\u0131ma dokunuyor gidi\u015fat. Yukar\u0131dakiler ve a\u015fa\u011f\u0131dakiler mutluluklar\u0131, mutsuzluklar\u0131 ortak payla\u015fmazken nas\u0131l oluyor da yukar\u0131daki yukar\u0131da, a\u015fa\u011f\u0131daki a\u015fa\u011f\u0131da kuzu kuzu ya\u015famlar\u0131n\u0131 s\u00fcrd\u00fcrmekte. Bunu anlayabilene a\u015fk olsun. A\u015fk olsun ekmek derdindekilerin, saltanat s\u00fcrd\u00fcrenlere k\u0131yak\u00e7\u0131l\u0131\u011f\u0131na. Ve a\u015fk olsun yalan\u0131yla, y\u0131lan\u0131yla dola\u015f\u0131p, \u00e7evresini ya\u011fa-bala bulay\u0131p, \u00f6tekilere (\u00f6zellikle kendine taraf olmayanlara) z\u0131rn\u0131k koklatmayan ama hala yukar\u0131da olmay\u0131 ba\u015faranlara. Soruluyor; (\u00e7ok tan\u0131nm\u0131\u015f i\u015f adamlar\u0131n\u0131n \u00e7ocuklar\u0131 bile hala baba har\u00e7l\u0131klar\u0131na talim ederken) siz hen\u00fcz yola yeni \u00e7\u0131kan o\u011flunuza \u201cgemicik\u201d nas\u0131l ald\u0131n\u0131z? Bende soruyorum 30 y\u0131l devlete \u00e7al\u0131\u015ft\u0131m. O\u011flumun k\u0131z\u0131m\u0131n dolmu\u015f paras\u0131n\u0131 zor denkler kahrolurdum. Siz nas\u0131l ba\u015fard\u0131n\u0131z? \u00d6zellikle de \u201cbir simidi ikiye pay eden\u201d bir ge\u00e7mi\u015ften gelmi\u015fken. Soruyu sorana \u201cgel sana \u00f6zel anlat\u0131r\u0131m\u201d denilirse size ula\u015famayan \u201cvatanda\u015fa\u201d kim yan\u0131t verecek. Soruluyor; Sevr oyununun ba\u015f \u015fantaj\u0131 \u201csoyk\u0131r\u0131m\u201d iddias\u0131n\u0131 restle reddetme merciindeki biri \u201cdemokrasi benim i\u00e7indir\u201d mant\u0131\u011f\u0131ndaki birilerine ho\u015f g\u00f6r\u00fcnmek i\u00e7in hem de en y\u00fcksek yerden ho\u015fg\u00f6r\u00fc sergileyebilir mi? \u201cTe\u011fet\u201d ge\u00e7en kriz kap\u0131 zilimi \u00e7al\u0131p durmakta \u00fcst\u00fcne \u00fcstl\u00fck do\u011falgaz zamm\u0131, e\u011fitim giderleri, sa\u011fl\u0131k hizmetlerindeki yeni y\u00fckler belimi b\u00fckmekte. A\u015fk olsun efendiler; fors at\u0131n, rant sa\u011flay\u0131n, n\u00fcfuz b\u00fcy\u00fct\u00fcn, gezin tozun, uyutun. Size de\u011fil ama galiba bize yak\u0131\u015fan bu. R\u0131za TURHAN- Malatya\u00a0<\/span><\/span><\/p>\n","protected":false},"excerpt":{"rendered":"<p>SAYGIDE\u011eER MEHMET \u015eEH\u0130RL\u0130 Sayg\u0131de\u011fer Mehmet \u015eehirli, Size bu ikinci iletimde yazd\u0131klar\u0131mdan da anlayacaks\u0131n\u0131z ki siyaset bir yana kan\u0131ma dokunuyor gidi\u015fat. Yukar\u0131dakiler ve a\u015fa\u011f\u0131dakiler mutluluklar\u0131, mutsuzluklar\u0131 ortak payla\u015fmazken nas\u0131l oluyor da yukar\u0131daki yukar\u0131da, a\u015fa\u011f\u0131daki a\u015fa\u011f\u0131da kuzu kuzu ya\u015famlar\u0131n\u0131 s\u00fcrd\u00fcrmekte. Bunu anlayabilene a\u015fk olsun. A\u015fk olsun ekmek derdindekilerin, saltanat s\u00fcrd\u00fcrenlere k\u0131yak\u00e7\u0131l\u0131\u011f\u0131na. Ve a\u015fk olsun yalan\u0131yla, y\u0131lan\u0131yla dola\u015f\u0131p, [&hellip;]<\/p>\n","protected":false},"author":2,"featured_media":0,"comment_status":"open","ping_status":"open","sticky":false,"template":"","format":"standard","meta":[],"categories":[5],"tags":[],"_links":{"self":[{"href":"https:\/\/karder.org.tr\/index.php\/wp-json\/wp\/v2\/posts\/304"}],"collection":[{"href":"https:\/\/karder.org.tr\/index.php\/wp-json\/wp\/v2\/posts"}],"about":[{"href":"https:\/\/karder.org.tr\/index.php\/wp-json\/wp\/v2\/types\/post"}],"author":[{"embeddable":true,"href":"https:\/\/karder.org.tr\/index.php\/wp-json\/wp\/v2\/users\/2"}],"replies":[{"embeddable":true,"href":"https:\/\/karder.org.tr\/index.php\/wp-json\/wp\/v2\/comments?post=304"}],"version-history":[{"count":1,"href":"https:\/\/karder.org.tr\/index.php\/wp-json\/wp\/v2\/posts\/304\/revisions"}],"predecessor-version":[{"id":305,"href":"https:\/\/karder.org.tr\/index.php\/wp-json\/wp\/v2\/posts\/304\/revisions\/305"}],"wp:attachment":[{"href":"https:\/\/karder.org.tr\/index.php\/wp-json\/wp\/v2\/media?parent=304"}],"wp:term":[{"taxonomy":"category","embeddable":true,"href":"https:\/\/karder.org.tr\/index.php\/wp-json\/wp\/v2\/categories?post=304"},{"taxonomy":"post_tag","embeddable":true,"href":"https:\/\/karder.org.tr\/index.php\/wp-json\/wp\/v2\/tags?post=304"}],"curies":[{"name":"wp","href":"https:\/\/api.w.org\/{rel}","templated":true}]}}