{"id":313,"date":"2009-05-19T11:25:00","date_gmt":"2009-05-19T08:25:00","guid":{"rendered":"http:\/\/karder.org.tr\/?p=313"},"modified":"2018-04-21T11:25:46","modified_gmt":"2018-04-21T08:25:46","slug":"mustafa-karacan-o-z-l-e-d-i-m-s-e-n-i","status":"publish","type":"post","link":"https:\/\/karder.org.tr\/index.php\/2009\/05\/19\/mustafa-karacan-o-z-l-e-d-i-m-s-e-n-i\/","title":{"rendered":"Mustafa Karacan-\u00d6 Z L E D \u0130 M S E N \u0130"},"content":{"rendered":"<h2 align=\"center\"><b><span style=\"font-family: Verdana; font-size: small;\">\u00d6 Z L E D \u0130 M S E N \u0130<\/span><\/b><\/h2>\n<p align=\"Justify\"><span style=\"font-family: Verdana;\"><span style=\"font-size: small;\"><br \/>\nYandakl\u0131 dereni, boz tepeleri,<br \/>\n\u00d6zledim ya sana gelemiyorum.<br \/>\n\u00c7orak sular\u0131n\u0131, esen yelleri,<br \/>\n\u00d6zledim ya sana gelemiyorum.<\/p>\n<p>R\u00fcyamda boylad\u0131m Kuru\u00e7ay\u2019\u0131n\u0131.<br \/>\nArar oldum d\u00fc\u011f\u00fcn\u00fcn\u00fc, toyunu.<br \/>\nAlinin Kuyu\u2019nun so\u011fuk suyunu,<br \/>\n\u00d6zledim ya sana gelemiyorum.<\/p>\n<p>Koyun s\u00fcr\u00fclerin c\u0131lga \u00e7izerdi,<br \/>\nSevdal\u0131lar t\u00fcrk\u00fcleri dizerdi.<br \/>\nEli kalem tutan okur-yazard\u0131.<br \/>\n\u00d6zledim ya sana gelemiyorum.<\/p>\n<p>Hasretin K\u0131rklar\u2019a \u00e7\u00f6ken bir duman.<br \/>\nKavu\u015fmam zor sana, yok art\u0131k g\u00fcman.<br \/>\n\u2018Sa\u011fc\u0131lar\u2019 i\u00e7inde olur mu sunam?<br \/>\n\u00d6zledim ya sana gelemiyorum.<\/p>\n<p>H\u0131tt\u0131m H\u0131yarlar\u0131n, mor navruzlar\u0131n,<br \/>\nKara ka\u015f, kara g\u00f6z, esmer k\u0131zlar\u0131n,<br \/>\nDonduran k\u0131\u015flar\u0131n, yakan yazlar\u0131n,<br \/>\n\u00d6zledim ya sana gelemiyorum.<\/p>\n<p>Kuru pilav\u0131n\u0131, tatl\u0131 dilini,<br \/>\nDere kenar\u0131nda \u2018\u00e7ildirim\u2019ini,<br \/>\nDertleri payla\u015fan dostluk elini,<br \/>\n\u00d6zledim ya sana gelemiyorum.<\/p>\n<p>Sen can\u0131m KARACA, ben KARACAN\u2019\u0131m.<br \/>\nSevgiyle sevenle dolsa da yan\u0131m.<br \/>\nNolur garip elde kalmas\u0131n tenim.<br \/>\nYeter senden uzak duram\u0131yorum&#8230;.<br \/>\nMustafa KARACAN<br \/>\n\u00c7ekmek\u00f6y\/ \u0130stanbul<br \/>\n<\/span><\/span><\/p>\n","protected":false},"excerpt":{"rendered":"<p>\u00d6 Z L E D \u0130 M S E N \u0130 Yandakl\u0131 dereni, boz tepeleri, \u00d6zledim ya sana gelemiyorum. \u00c7orak sular\u0131n\u0131, esen yelleri, \u00d6zledim ya sana gelemiyorum. R\u00fcyamda boylad\u0131m Kuru\u00e7ay\u2019\u0131n\u0131. Arar oldum d\u00fc\u011f\u00fcn\u00fcn\u00fc, toyunu. Alinin Kuyu\u2019nun so\u011fuk suyunu, \u00d6zledim ya sana gelemiyorum. Koyun s\u00fcr\u00fclerin c\u0131lga \u00e7izerdi, Sevdal\u0131lar t\u00fcrk\u00fcleri dizerdi. Eli kalem tutan okur-yazard\u0131. \u00d6zledim ya [&hellip;]<\/p>\n","protected":false},"author":2,"featured_media":0,"comment_status":"open","ping_status":"open","sticky":false,"template":"","format":"standard","meta":[],"categories":[5],"tags":[],"_links":{"self":[{"href":"https:\/\/karder.org.tr\/index.php\/wp-json\/wp\/v2\/posts\/313"}],"collection":[{"href":"https:\/\/karder.org.tr\/index.php\/wp-json\/wp\/v2\/posts"}],"about":[{"href":"https:\/\/karder.org.tr\/index.php\/wp-json\/wp\/v2\/types\/post"}],"author":[{"embeddable":true,"href":"https:\/\/karder.org.tr\/index.php\/wp-json\/wp\/v2\/users\/2"}],"replies":[{"embeddable":true,"href":"https:\/\/karder.org.tr\/index.php\/wp-json\/wp\/v2\/comments?post=313"}],"version-history":[{"count":1,"href":"https:\/\/karder.org.tr\/index.php\/wp-json\/wp\/v2\/posts\/313\/revisions"}],"predecessor-version":[{"id":314,"href":"https:\/\/karder.org.tr\/index.php\/wp-json\/wp\/v2\/posts\/313\/revisions\/314"}],"wp:attachment":[{"href":"https:\/\/karder.org.tr\/index.php\/wp-json\/wp\/v2\/media?parent=313"}],"wp:term":[{"taxonomy":"category","embeddable":true,"href":"https:\/\/karder.org.tr\/index.php\/wp-json\/wp\/v2\/categories?post=313"},{"taxonomy":"post_tag","embeddable":true,"href":"https:\/\/karder.org.tr\/index.php\/wp-json\/wp\/v2\/tags?post=313"}],"curies":[{"name":"wp","href":"https:\/\/api.w.org\/{rel}","templated":true}]}}