{"id":315,"date":"2007-04-22T11:25:57","date_gmt":"2007-04-22T08:25:57","guid":{"rendered":"http:\/\/karder.org.tr\/?p=315"},"modified":"2018-04-21T11:26:52","modified_gmt":"2018-04-21T08:26:52","slug":"mustafa-karacan-karaca","status":"publish","type":"post","link":"https:\/\/karder.org.tr\/index.php\/2007\/04\/22\/mustafa-karacan-karaca\/","title":{"rendered":"Mustafa Karacan-KARACA"},"content":{"rendered":"<h2 align=\"center\"><b><span style=\"font-family: Verdana; font-size: small;\">KARACA<\/span><\/b><\/h2>\n<p align=\"Justify\"><span style=\"font-family: Verdana;\"><span style=\"font-size: small;\"><\/p>\n<p>S\u00fcr\u00fclm\u00fc\u015fte tarla olmu\u015f yollar\u0131n,<br \/>\nSes \u00e7\u0131km\u0131yor niye susmu\u015f dillerin?<br \/>\nKavrulup ta k\u00fcle d\u00f6nm\u00fc\u015f g\u00fcllerin,<br \/>\nYa\u015famaya halin yoktur Karaca.<\/p>\n<p>Eser r\u00fczgar tora\u011f\u0131nda,ta\u015f\u0131nda,<br \/>\nKimseler kalmam\u0131\u015f gen\u00e7lik ya\u015f\u0131nda.<br \/>\n\u00c7ok de\u011fi\u015fmi\u015f \u00e7al\u0131\u015fman da, i\u015finde.<br \/>\n\u0130\u015f yapacak can\u0131n yoktur Karaca.<\/p>\n<p>G\u00fcndo\u011fmadan ebem gili kald\u0131ran,<br \/>\n\u00c7\u00f6m\u00e7e \u00e7\u00f6m\u00e7e yay\u0131klar\u0131 dolduran,<br \/>\nMele\u015fipte geldi\u011fini bildiren,<br \/>\nS\u00fcr\u00fclerin s\u00fct\u00fcn yoktur Karaca.<\/p>\n<p>Savrulmuyor harman\u0131n yok,yelin yok.<br \/>\nDereler dolusu akan selin yok.<br \/>\nYe\u015filin yok,yapra\u011f\u0131n yok,dal\u0131n yok.<br \/>\nDost kokular g\u00fcl\u00fcn yoktur Karaca.<\/p>\n<p>Birle\u015fip te dost i\u015fine bakanlar,<br \/>\nD\u00fc\u011f\u00fcnlere,halaylara \u00e7\u0131kanlar,<br \/>\nSevdas\u0131n\u0131 t\u00fcrk\u00fc t\u00fcrk\u00fc yakanlar,<br \/>\nS\u00f6yleyecek dilin yoktur Karaca.<\/p>\n<p>Bombo\u015f evler birbirine bak\u0131yor.<br \/>\nGoca g\u00fcne\u015f daha \u00f6yle yak\u0131yor,<br \/>\n\u00c7e\u015fmelerde su yok,hava ak\u0131yor.<br \/>\nP\u0131narlar\u0131n, suyun yoktur Karaca.<\/p>\n<p>G\u00fcn do\u011fmadan kuzular\u0131 g\u00fcdenler,<br \/>\nHalbur elde tezekleri edenler,<br \/>\nParmak parmak kaymaklar\u0131 tadanlar,<br \/>\nG\u00fcl\u00fcp ko\u015fan \u00e7ocu\u011fun yok Karaca.<\/p>\n<p>Ata, dede s\u00fcre\u011fini g\u00fcdenler,<br \/>\nAk\u015famlar\u0131 evden eve gidenler,<br \/>\nOdalarda dost\u00e7a sohbet edenler,<br \/>\nHal soracak kulun yoktur Karaca.<\/p>\n<p>Okumu\u015fta hi\u00e7 geriye bakm\u0131yor,<br \/>\nD\u00f6n\u00fcp ataoca\u011f\u0131n\u0131 yakm\u0131yor,<br \/>\nDertlerine kimse sahip \u00e7\u0131km\u0131yor,<br \/>\nEl atacak dal\u0131n yoktur Karaca.<\/p>\n<p>KARACAN dertler derman bulmal\u0131,<br \/>\nSevenleri Karaca\u2019ya dolmal\u0131,<br \/>\nHer el bir soruna \u00e7are olmal\u0131,<br \/>\nG\u00fclmeliyiz hep g\u00fclmeli Karaca.<\/p>\n<p>28\/02\/2006 Karaca K\u00f6y\u00fc Mustafa Karacan<\/span><\/span><\/p>\n","protected":false},"excerpt":{"rendered":"<p>KARACA S\u00fcr\u00fclm\u00fc\u015fte tarla olmu\u015f yollar\u0131n, Ses \u00e7\u0131km\u0131yor niye susmu\u015f dillerin? Kavrulup ta k\u00fcle d\u00f6nm\u00fc\u015f g\u00fcllerin, Ya\u015famaya halin yoktur Karaca. Eser r\u00fczgar tora\u011f\u0131nda,ta\u015f\u0131nda, Kimseler kalmam\u0131\u015f gen\u00e7lik ya\u015f\u0131nda. \u00c7ok de\u011fi\u015fmi\u015f \u00e7al\u0131\u015fman da, i\u015finde. \u0130\u015f yapacak can\u0131n yoktur Karaca. G\u00fcndo\u011fmadan ebem gili kald\u0131ran, \u00c7\u00f6m\u00e7e \u00e7\u00f6m\u00e7e yay\u0131klar\u0131 dolduran, Mele\u015fipte geldi\u011fini bildiren, S\u00fcr\u00fclerin s\u00fct\u00fcn yoktur Karaca. Savrulmuyor harman\u0131n yok,yelin yok. [&hellip;]<\/p>\n","protected":false},"author":2,"featured_media":0,"comment_status":"open","ping_status":"open","sticky":false,"template":"","format":"standard","meta":[],"categories":[5],"tags":[],"_links":{"self":[{"href":"https:\/\/karder.org.tr\/index.php\/wp-json\/wp\/v2\/posts\/315"}],"collection":[{"href":"https:\/\/karder.org.tr\/index.php\/wp-json\/wp\/v2\/posts"}],"about":[{"href":"https:\/\/karder.org.tr\/index.php\/wp-json\/wp\/v2\/types\/post"}],"author":[{"embeddable":true,"href":"https:\/\/karder.org.tr\/index.php\/wp-json\/wp\/v2\/users\/2"}],"replies":[{"embeddable":true,"href":"https:\/\/karder.org.tr\/index.php\/wp-json\/wp\/v2\/comments?post=315"}],"version-history":[{"count":1,"href":"https:\/\/karder.org.tr\/index.php\/wp-json\/wp\/v2\/posts\/315\/revisions"}],"predecessor-version":[{"id":316,"href":"https:\/\/karder.org.tr\/index.php\/wp-json\/wp\/v2\/posts\/315\/revisions\/316"}],"wp:attachment":[{"href":"https:\/\/karder.org.tr\/index.php\/wp-json\/wp\/v2\/media?parent=315"}],"wp:term":[{"taxonomy":"category","embeddable":true,"href":"https:\/\/karder.org.tr\/index.php\/wp-json\/wp\/v2\/categories?post=315"},{"taxonomy":"post_tag","embeddable":true,"href":"https:\/\/karder.org.tr\/index.php\/wp-json\/wp\/v2\/tags?post=315"}],"curies":[{"name":"wp","href":"https:\/\/api.w.org\/{rel}","templated":true}]}}