{"id":319,"date":"2005-05-07T11:27:58","date_gmt":"2005-05-07T08:27:58","guid":{"rendered":"http:\/\/karder.org.tr\/?p=319"},"modified":"2018-04-21T11:28:42","modified_gmt":"2018-04-21T08:28:42","slug":"mustafa-karacan-cok-paylasimli-bir-ani","status":"publish","type":"post","link":"https:\/\/karder.org.tr\/index.php\/2005\/05\/07\/mustafa-karacan-cok-paylasimli-bir-ani\/","title":{"rendered":"Mustafa Karacan-\u00c7OK PAYLA\u015eIMLI B\u0130R ANI"},"content":{"rendered":"<h2 align=\"center\"><b><span style=\"font-family: Verdana; font-size: small;\">\u00c7OK PAYLA\u015eIMLI B\u0130R ANI<\/span><\/b><\/h2>\n<p align=\"Justify\"><span style=\"font-family: Verdana;\"><span style=\"font-size: small;\"><\/p>\n<p>\u00c7OK PAYLA\u015eIMLI B\u0130R ANI.<br \/>\nOlay 1962 y\u0131l\u0131 Mart ay\u0131nda Anadolu bozk\u0131r\u0131nda, hi\u00e7 \u00e7at\u0131l\u0131 evi olmayan B\u00fcy\u00fck\u00e7e bir k\u00f6yde k\u00f6yde ge\u00e7er. Olay\u0131n kahramanlar\u0131 3,4,5 inci s\u0131n\u0131flarda okuyan 60-70 k\u0131z ve erkek \u00e7o\u00e7uk.<br \/>\nK\u00f6y\u00fcn,k\u00f6yl\u00fclerce yap\u0131lan d\u00fcz daml\u0131 iki derslikli okulu oturulamaz duruma Gelmi\u015f,devlet k\u00f6ye okul yapmam\u0131\u015ft\u0131r daha.K\u00f6ydeki 100 \u00fc a\u015fk\u0131n \u00e7ocu\u011fu bir e\u011fitmen Ve bir \u00f6\u011fretmen okutmaktad\u0131r.E\u011fitmen birici ve ikinci s\u0131n\u0131flar\u0131 k\u00f6y\u00fcn i\u00e7inde (Refet\u2019in kahvesinde) okutur . \u00d6\u011fretmen ise \u00fc\u00e7,d\u00f6rt ve be\u015finci s\u0131n\u0131flar\u0131 tepenin yamac\u0131ndaki Veli KO\u00c7 \u2018un davar a\u011f\u0131l\u0131nda okutmaktad\u0131r.<br \/>\nYeni evlidir \u00f6\u011fretmen,han\u0131m\u0131n\u0131 \u015fehirdeki ailesinin yan\u0131nda b\u0131rakm\u0131\u015ft\u0131r.Bu nedenle<br \/>\nS\u0131k s\u0131k \u015fehre gider.Haftan\u0131n ba\u015f\u0131-sonu \u00f6\u011frenciler \u00f6\u011fretmensizdir.Tak eder canlar\u0131na bu<br \/>\ndurum.Abilerinin ve trahomcu amcan\u0131n da te\u015fvikiyle protestoya karar verirler.<br \/>\nYa\u011fmurlu bir g\u00fcnde haber salarlar e\u011fitmen e ,biz y\u00fcr\u00fcyece\u011fiz sizin \u00f6\u011frencilerde<br \/>\nBize kat\u0131ls\u0131n diye.E\u011fitmen k\u0131z\u0131p kabul etmez bu teklifi.Ne haliniz varsa g\u00f6r\u00fcn der.<br \/>\n\u0130ki k\u00fc\u00e7\u00fck penceresi ve bir kap\u0131s\u0131 olan a\u011f\u0131l\u0131n pardon okulun .Kerme kokusunun<br \/>\nazalmas\u0131 ve i\u00e7erinin ayd\u0131nl\u0131k olmas\u0131 i\u00e7in kap\u0131s\u0131 hep ac\u0131kt\u0131r.\u00d6\u011frenciler d\u00f6rder ki\u015fi<br \/>\noturduklar\u0131 s\u0131ralardan be\u015finci s\u0131n\u0131flar\u0131n \u00f6nc\u00fcl\u00fc\u011f\u00fcnde d\u0131\u015far\u0131 \u00e7\u0131karlar.D\u00fczenli s\u0131ra olurlar.<br \/>\nKitaplar koltuklar\u0131nda k\u00f6y\u00fcn \u00e7amurlu sokaklar\u0131nda ya\u011fmur alt\u0131nda y\u00fcr\u00fcyen sadece \u00e7ocuklar<br \/>\nde\u011fildir. K\u00f6y\u00fcn t\u00fcm k\u00f6pekleri de \u00e7ocuklarla birlikte y\u00fcr\u00fcmektedir.<br \/>\nMuhtar Hasan\u2019\u0131n evinin \u00f6n\u00fcnde durur topluluk.Odadakilerle d\u0131\u015far\u0131 \u00e7\u0131kan muhtar,<br \/>\nderdiniz ne, bu haliniz ne. Diye sorar. \u00c7ocuklar hep bir a\u011f\u0131zdan \u00f6\u011fretmen istiyoruz.<br \/>\nHaftan\u0131n \u00e7o\u011fu \u00f6\u011fretmensiz ge\u00e7iyor diye ba\u011f\u0131r\u0131rlar. Muhtar,siz okulunuza d\u00f6n\u00fcn bu i\u015f sizin<br \/>\ni\u015finiz de\u011fil der k\u0131zar.\u00d6\u011frenciler ba\u011f\u0131ra \u2013\u00e7a\u011f\u0131ra okullar\u0131na d\u00f6nerler.Eylem bitmi\u015ftir.<br \/>\nHafta biter.Di\u011fer hafta ba\u015flar \u00f6\u011fretmen haftan\u0131n ikinci g\u00fcn\u00fc gelir.Olay\u0131 \u00f6\u011frenir.<br \/>\n\u00d6\u011frencileri ders ba\u015flar ba\u015flamaz ba\u015fta oturan d\u00f6rd\u00fcnc\u00fc s\u0131n\u0131flardan ba\u015flayarak tek tek aya\u011fa kald\u0131r\u0131p sorular sorur.Daha do\u011frusu herkese ayn\u0131 soruyu sormaktad\u0131r.Kimseden cevap<br \/>\nalamaz. Avu\u00e7 i\u00e7lerine birer \u00e7ubuk yiyen \u00e7ocuklar g\u00f6zleri dolu dolu yerlerine otururlar.<br \/>\nBe\u015finci s\u0131n\u0131flar\u0131n ilk s\u0131ras\u0131ndaki ilk \u00f6\u011frenci Sakine Poyraz; itiraz eder.\u00d6\u011fretmenim siz bize<br \/>\n\u00d6\u011fretmedi\u011finiz soruyu soruyorsunuz der.Bu itiraza b\u00fct\u00fcn s\u0131n\u0131f kat\u0131l\u0131r.Soru de\u011fi\u015fmez ama<br \/>\nceza ikiye katlanm\u0131\u015ft\u0131r. Ellere vurulan \u00e7ubuk kabartm\u0131\u015ft\u0131r \u00e7ocuk avu\u00e7lar\u0131n\u0131.<br \/>\n\u00d6\u011fle yeme\u011fine a\u011flayarak gider.AMETT\u00dc ma\u011fdurlar\u0131.Avu\u00e7lar\u0131 g\u00f6ren ana-babalar el kor olaya.K\u00f6ye yeni bir \u00f6\u011fretmen verilmez ama \u00f6\u011fretmende k\u00f6yden hi\u00e7 ayr\u0131lmaz \u00f6\u011frencilerine kar\u015f\u0131 ilgisi artm\u0131\u015ft\u0131r.<br \/>\nG\u00fcn\u00fcm\u00fczden k\u0131rk \u00fc\u00e7 y\u0131l \u00f6nce gecen olay\u0131n kahramanlar\u0131n\u0131n hemen hemen hepsi<br \/>\nYa\u015famaktad\u0131r.Bunlardan biride o zaman be\u015finci s\u0131n\u0131fta okuyan benim. \u0130stedim ki bu olay<br \/>\nHat\u0131rlans\u0131n ve bilinsin ki o y\u0131llarda Anadolu da bir k\u00f6y ilkokulu \u00f6\u011frencileri tepkilerini<br \/>\nE\u011fleme d\u00f6n\u00fc\u015ft\u00fcrm\u00fc\u015fler ve sonu\u00e7 alm\u0131\u015flard\u0131r.<br \/>\nG\u00dcN\u00dcM\u00dcZ\u00dcN \u00d6RG\u00dcTS\u00dcZ VE TEPK\u0130S\u0130ZLER\u0130NE \u00d6RNEK OLSUN.<br \/>\nSAYGILARIMLA 28 N\u0130SAN 2005<br \/>\n<\/span><\/span><\/p>\n","protected":false},"excerpt":{"rendered":"<p>\u00c7OK PAYLA\u015eIMLI B\u0130R ANI \u00c7OK PAYLA\u015eIMLI B\u0130R ANI. Olay 1962 y\u0131l\u0131 Mart ay\u0131nda Anadolu bozk\u0131r\u0131nda, hi\u00e7 \u00e7at\u0131l\u0131 evi olmayan B\u00fcy\u00fck\u00e7e bir k\u00f6yde k\u00f6yde ge\u00e7er. Olay\u0131n kahramanlar\u0131 3,4,5 inci s\u0131n\u0131flarda okuyan 60-70 k\u0131z ve erkek \u00e7o\u00e7uk. K\u00f6y\u00fcn,k\u00f6yl\u00fclerce yap\u0131lan d\u00fcz daml\u0131 iki derslikli okulu oturulamaz duruma Gelmi\u015f,devlet k\u00f6ye okul yapmam\u0131\u015ft\u0131r daha.K\u00f6ydeki 100 \u00fc a\u015fk\u0131n \u00e7ocu\u011fu bir e\u011fitmen [&hellip;]<\/p>\n","protected":false},"author":2,"featured_media":0,"comment_status":"open","ping_status":"open","sticky":false,"template":"","format":"standard","meta":[],"categories":[5],"tags":[],"_links":{"self":[{"href":"https:\/\/karder.org.tr\/index.php\/wp-json\/wp\/v2\/posts\/319"}],"collection":[{"href":"https:\/\/karder.org.tr\/index.php\/wp-json\/wp\/v2\/posts"}],"about":[{"href":"https:\/\/karder.org.tr\/index.php\/wp-json\/wp\/v2\/types\/post"}],"author":[{"embeddable":true,"href":"https:\/\/karder.org.tr\/index.php\/wp-json\/wp\/v2\/users\/2"}],"replies":[{"embeddable":true,"href":"https:\/\/karder.org.tr\/index.php\/wp-json\/wp\/v2\/comments?post=319"}],"version-history":[{"count":1,"href":"https:\/\/karder.org.tr\/index.php\/wp-json\/wp\/v2\/posts\/319\/revisions"}],"predecessor-version":[{"id":320,"href":"https:\/\/karder.org.tr\/index.php\/wp-json\/wp\/v2\/posts\/319\/revisions\/320"}],"wp:attachment":[{"href":"https:\/\/karder.org.tr\/index.php\/wp-json\/wp\/v2\/media?parent=319"}],"wp:term":[{"taxonomy":"category","embeddable":true,"href":"https:\/\/karder.org.tr\/index.php\/wp-json\/wp\/v2\/categories?post=319"},{"taxonomy":"post_tag","embeddable":true,"href":"https:\/\/karder.org.tr\/index.php\/wp-json\/wp\/v2\/tags?post=319"}],"curies":[{"name":"wp","href":"https:\/\/api.w.org\/{rel}","templated":true}]}}