{"id":321,"date":"2004-06-19T11:28:51","date_gmt":"2004-06-19T08:28:51","guid":{"rendered":"http:\/\/karder.org.tr\/?p=321"},"modified":"2018-04-21T11:29:43","modified_gmt":"2018-04-21T08:29:43","slug":"mustafa-karacan-sevgiyle-gelen-onbinler","status":"publish","type":"post","link":"https:\/\/karder.org.tr\/index.php\/2004\/06\/19\/mustafa-karacan-sevgiyle-gelen-onbinler\/","title":{"rendered":"Mustafa Karacan-SEVG\u0130YLE GELEN ONB\u0130NLER"},"content":{"rendered":"<h2 align=\"center\"><b><span style=\"font-family: Verdana; font-size: small;\">SEVG\u0130YLE GELEN ONB\u0130NLER<\/span><\/b><\/h2>\n<p align=\"Justify\"><span style=\"font-family: Verdana;\"><span style=\"font-size: small;\">SEVG\u0130YLE GELEN ONB\u0130NLER<\/p>\n<p>\u201cKalkt\u0131k Horasan\u2019dan\u201d bu topraklar\u0131,<br \/>\nAnalar dolusu yurt eyledik biz.<br \/>\nSevgi katt\u0131k,duygu katt\u0131k harc\u0131na,<br \/>\nSab\u0131rla \u201cac\u0131y\u0131 bal eyledik.\u201dbiz<\/p>\n<p>S\u00fcr\u00fcld\u00fck, kesildik onbinlerinen,<br \/>\nZul\u00fcm\u00fc g\u00fcl dolu dal eyledik biz.<br \/>\nAs\u0131ld\u0131k,\u00fcz\u00fcld\u00fck d\u00fczen ad\u0131na,<br \/>\n\u201cHalk i\u00e7in \u00f6l\u00fcm\u00fc yol eyledik.\u201dbiz<\/p>\n<p>Hallac\u0131 Mansur\u2019la Nesimi bizim.<br \/>\nBizim,sehpalarda sallanan \u201c\u00fc\u00e7 dal\u201d<br \/>\nDadalo\u011flu bizim,Bedrettin bizim.<br \/>\nBizim,sarp bellerden a\u015fan ince yol.<\/p>\n<p>Yunus gibi \u00e7a\u011f\u0131ldayan p\u0131nar\u0131m.<br \/>\nVeysel ile ah \u00e7ekerim yanar\u0131m.<br \/>\nBaz\u0131 baz\u0131 kendim Bekta\u015f sanar\u0131m,<br \/>\nTa\u015ftan duvarlar\u0131 \u201ccan\u201d eyledik biz.<\/p>\n<p>T\u00fcrk\u00fcler s\u00f6yledik,a\u011f\u0131tlar yakt\u0131k.<br \/>\n\u201cBaz\u0131 y\u00fckseklerden engine bakt\u0131k.\u201d<br \/>\n\u00c7a\u011f\u0131rd\u0131k pirlere,\u0130b\u00f6\u011f Babaya,<br \/>\nNice sultanlar\u0131 kul eyledik biz.<\/p>\n<p>Bir gittik,sevgiyle onbinler geldik.<br \/>\n\u00d6l\u00fcm\u00fc \u201cbir ince yol eyledik\u201d biz.<br \/>\nKara gecelerden al\u0131nan h\u0131n\u00e7la,<br \/>\nAla \u015fafaklar\u0131 \u201cg\u00fcn eyledik \u201cbiz.<\/p>\n<p>Bu topra\u011fa binlerinen can verdik.<br \/>\nBayra\u011f\u0131na kan\u0131m\u0131zdan kan verdik.<br \/>\nUlu Atat\u00fcrkle huzura erdik .<br \/>\n\u00c7a\u011fda\u015f uygarl\u0131\u011f\u0131 var eyledik biz.<\/p>\n<p>Biz halk\u0131z,yeniden yeniden do\u011fduk.<br \/>\nNice \u015fah padi\u015fah kul eyledik biz.<br \/>\nDost yoluna kurban bu KARACANla<br \/>\nBinlerce Yavuz\u2019u kul eyledik biz.<\/p>\n<p>03.7.1994 Malatya<\/p>\n<p>\u201cP\u0130R SULTAN \u00d6L\u00dcR D\u0130R\u0130L\u0130R\u201d<br \/>\n02 Temmuz \u015eehitlerine<\/p>\n<p>Dostlar,geldik Pir Sultan\u2019\u0131n yurduna,<br \/>\nCo\u015ftu da\u011flar Pir Sultanlar \u00e7a\u011f\u0131r\u0131r.<br \/>\nBak\u0131n hele K\u0131z\u0131l\u0131rmak seline,<br \/>\n\u00c7a\u011flar \u00e7a\u011flar Pir Sultanlar \u00e7a\u011f\u0131r\u0131r.<\/p>\n<p>Yeter Hasret ile korda yand\u0131\u011f\u0131m.<br \/>\nNesimiyle y\u00fcz\u00fcl\u00fcben durdu\u011fum,<br \/>\nHer zaman y\u00fcz\u00fcme g\u00fcler sand\u0131\u011f\u0131m,<br \/>\nFelek a\u011flar,Pir Sultanlar \u00e7a\u011f\u0131r\u0131r.<\/p>\n<p>Yi\u011fit \u00f6l\u00fcr,onbin yi\u011fit yol al\u0131r.<br \/>\nK\u0131z\u0131l g\u00fcnde karanl\u0131klar bunal\u0131r.<br \/>\nG\u00f6zya\u015flar\u0131m damla damla \u00e7o\u011fal\u0131r,<br \/>\nAkarsular Pir Sultanlar \u00e7a\u011f\u0131r\u0131r.<\/p>\n<p>H\u00fcseyin susuzdu korlu \u00e7\u00f6llerde,<br \/>\nBiz de yand\u0131k,kara yobaz ellerde.<br \/>\nS\u00f6ylenir t\u00fcrk\u00fcm\u00fcz dertli dillerde,<br \/>\n\u00c7al\u0131r sazlar,Pir sultanlar \u00e7a\u011f\u0131r\u0131r.<\/p>\n<p>Sevgi bizim topra\u011f\u0131m\u0131z,ta\u015f\u0131m\u0131z.<br \/>\nSevgi oca\u011f\u0131nda pi\u015fer a\u015f\u0131m\u0131z.<br \/>\nHak yolunda kesilse de ba\u015f\u0131m\u0131z,<br \/>\nAkar kanlar,Pir Sultanlar \u00e7a\u011f\u0131r\u0131r.<\/p>\n<p>Yezit\u2019ten bu yana s\u00fcrer kavgam\u0131z.<br \/>\nAs\u0131ld\u0131k,yak\u0131ld\u0131k s\u00fcrd\u00fc \u015f\u0131vgam\u0131z.<br \/>\nAnadolum sensin bizim sevdam\u0131z.<br \/>\n\u015eah y\u0131k\u0131l\u0131r,Pir Sultanlar \u00e7a\u011f\u0131r\u0131r.<\/p>\n<p>Zulme kar\u015f\u0131 isyan dolan\u0131r serde.<br \/>\nSevgimiz ila\u00e7t\u0131r onulmaz derde.<br \/>\n\u201cG\u00fczel g\u00fcnler bitti.\u201ddedi\u011fin yerde,<br \/>\nCo\u015f KARACAN Pir Sultanlar \u00e7a\u011f\u0131r\u0131r.<br \/>\n02.3.1994 Malatya<\/p>\n<p>Kavgalar\u0131 bar\u0131\u015f,\u00e7a\u011fda\u015f d\u00fc\u015f\u00fcnce ve sevgi yolunda sonsuza kadar s\u00fcrecek,s\u00fcrd\u00fcr\u00fclecektir.<br \/>\nAn\u0131lar\u0131 \u00f6n\u00fcnde sayg\u0131yla e\u011filiyorum.<br \/>\n19 HAZ\u0130RAN 2004 Malatya<\/p>\n<p><\/span><\/span><\/p>\n","protected":false},"excerpt":{"rendered":"<p>SEVG\u0130YLE GELEN ONB\u0130NLER SEVG\u0130YLE GELEN ONB\u0130NLER \u201cKalkt\u0131k Horasan\u2019dan\u201d bu topraklar\u0131, Analar dolusu yurt eyledik biz. Sevgi katt\u0131k,duygu katt\u0131k harc\u0131na, Sab\u0131rla \u201cac\u0131y\u0131 bal eyledik.\u201dbiz S\u00fcr\u00fcld\u00fck, kesildik onbinlerinen, Zul\u00fcm\u00fc g\u00fcl dolu dal eyledik biz. As\u0131ld\u0131k,\u00fcz\u00fcld\u00fck d\u00fczen ad\u0131na, \u201cHalk i\u00e7in \u00f6l\u00fcm\u00fc yol eyledik.\u201dbiz Hallac\u0131 Mansur\u2019la Nesimi bizim. Bizim,sehpalarda sallanan \u201c\u00fc\u00e7 dal\u201d Dadalo\u011flu bizim,Bedrettin bizim. Bizim,sarp bellerden a\u015fan ince [&hellip;]<\/p>\n","protected":false},"author":2,"featured_media":0,"comment_status":"open","ping_status":"open","sticky":false,"template":"","format":"standard","meta":[],"categories":[5],"tags":[],"_links":{"self":[{"href":"https:\/\/karder.org.tr\/index.php\/wp-json\/wp\/v2\/posts\/321"}],"collection":[{"href":"https:\/\/karder.org.tr\/index.php\/wp-json\/wp\/v2\/posts"}],"about":[{"href":"https:\/\/karder.org.tr\/index.php\/wp-json\/wp\/v2\/types\/post"}],"author":[{"embeddable":true,"href":"https:\/\/karder.org.tr\/index.php\/wp-json\/wp\/v2\/users\/2"}],"replies":[{"embeddable":true,"href":"https:\/\/karder.org.tr\/index.php\/wp-json\/wp\/v2\/comments?post=321"}],"version-history":[{"count":1,"href":"https:\/\/karder.org.tr\/index.php\/wp-json\/wp\/v2\/posts\/321\/revisions"}],"predecessor-version":[{"id":322,"href":"https:\/\/karder.org.tr\/index.php\/wp-json\/wp\/v2\/posts\/321\/revisions\/322"}],"wp:attachment":[{"href":"https:\/\/karder.org.tr\/index.php\/wp-json\/wp\/v2\/media?parent=321"}],"wp:term":[{"taxonomy":"category","embeddable":true,"href":"https:\/\/karder.org.tr\/index.php\/wp-json\/wp\/v2\/categories?post=321"},{"taxonomy":"post_tag","embeddable":true,"href":"https:\/\/karder.org.tr\/index.php\/wp-json\/wp\/v2\/tags?post=321"}],"curies":[{"name":"wp","href":"https:\/\/api.w.org\/{rel}","templated":true}]}}