{"id":323,"date":"2004-06-05T11:30:04","date_gmt":"2004-06-05T08:30:04","guid":{"rendered":"http:\/\/karder.org.tr\/?p=323"},"modified":"2018-04-21T11:31:10","modified_gmt":"2018-04-21T08:31:10","slug":"mustafa-karacan-karaca-2","status":"publish","type":"post","link":"https:\/\/karder.org.tr\/index.php\/2004\/06\/05\/mustafa-karacan-karaca-2\/","title":{"rendered":"Mustafa Karacan-KARACA"},"content":{"rendered":"<h2 align=\"center\"><b><span style=\"font-family: Verdana; font-size: small;\">KARACA<\/span><\/b><\/h2>\n<p align=\"Justify\"><span style=\"font-family: Verdana;\"><span style=\"font-size: small;\">KARACA<br \/>\nKaraca,bu s\u00f6zc\u00fc\u011f\u00fcn bir \u00e7ok anlam\u0131 var:G\u00fczel,\u00e7evik,g\u00fczel g\u00f6zl\u00fc bir ceylan t\u00fcr\u00fc.Karaya\u011f\u0131z,gen\u00e7 delikanl\u0131.Sogan tohumu bunlar ilk ad\u0131mda akl\u0131m\u0131za gelecek tan\u0131mlardan bir ka\u00e7\u0131.<br \/>\nAncak bunu bizlere s\u00f6yleseler ilk akl\u0131m\u0131za gelecek \u015fey tabikii k\u00f6y\u00fcm\u00fcz olur.K\u00f6y\u00fcm\u00fcz KARACA.Hani \u015fu bug\u00fcnki yerinde yerle\u015fimi 500 y\u0131l\u0131 bulan k\u00f6y\u00fcm\u00fcz,engin tepelerin olu\u015fturdu\u011fu engebeli yakla\u015f\u0131k 80 bin d\u00f6n\u00fcm alan kaplayan,bu alan i\u00e7erisinde son y\u0131llarda yap\u0131lan birka\u00e7 bah\u00e7e hari\u00e7 hepsi bomboz bozk\u0131r olan k\u00f6y\u00fcm\u00fcz,bu\u011fday\u0131 sar\u0131 alt\u0131n ile bulguru ile yakan sar\u0131 g\u00fcne\u015fi ile \u00e7al\u0131\u015fkan insanlar\u0131,\u00fclke ortalamas\u0131n\u0131n \u00e7ok \u00fczerinde e\u011fitim d\u00fczeyi ile tan\u0131nan k\u00f6y\u00fcm\u00fcz KARACA gelir akl\u0131m\u0131za.<br \/>\nY\u00fczlerce y\u0131ll\u0131k yerle\u015fiminde \u00e7ok zengin bir ya\u015fam k\u00fclt\u00fcr\u00fc bar\u0131nd\u0131r\u0131r i\u00e7inde KARACA.Yerle\u015fti\u011fi bu geni\u015f arazide t\u00fcm yer isimleri &#8211; ki y\u00fczleri bulur \u2013 \u00d6zt\u00fcrk\u00e7edir.Gelenekleri T\u00fcrkmen kocas\u0131,Oymak beyi,ad\u0131 k\u00f6y\u00fcne verilen Karaca Bey\u2019den bu yana korunan k\u00f6y\u00fcm\u00fcz akl\u0131m\u0131za gelir.Biz k\u00f6y\u00fcm\u00fczle gurur duyar o k\u00f6yden olmay\u0131 onur sayar\u0131z.<br \/>\nBurda s\u00f6z\u00fc k\u00f6y\u00fcm\u00fcn k\u00f6kl\u00fc k\u00fclt\u00fcr\u00fcne renk katanlardan benim de ad\u0131n\u0131 alma onurunu ta\u015f\u0131d\u0131\u011f\u0131m Mustafa\u2019ya b\u0131rakmak istiyorum.\u0130stiyorum ki :G\u00f6lgede kalm\u0131\u015f duyulmam\u0131\u015f nice Mustafa\u2019y\u0131 ya\u015fatm\u0131\u015f Karacada\u2019ki inciler g\u00fcn \u0131\u015f\u0131\u011f\u0131na \u00e7\u0131ks\u0131n.Bunlar\u0131 g\u00fcn \u0131\u015f\u0131\u011f\u0131na \u00e7\u0131kar\u0131p ulusal k\u00fclt\u00fcr\u00fcne kazand\u0131r\u0131p tan\u0131tmak bizlerin g\u00f6revi olarak bilinsin.Ben bir damla sunuyorum.Biliyorum ki Ummanlar\u0131 damlac\u0131klar var eder.<br \/>\nTURNALAR-1<br \/>\nG\u00f6kte katar katar giden turnalar,<br \/>\nAllah bir Muhammet Ali\u2019ye do\u011fru.<br \/>\nKurtulmu\u015f allardan giymi\u015f karay\u0131,<br \/>\n\u015eah \u0130mam H\u00fcseyin Veli\u2019ye do\u011fru.<br \/>\nTurnam s\u00f6k\u00fcn etmi\u015f ba\u011fdat elinden,<br \/>\nKorkusu yok \u015ead\u2019\u0131n co\u015fkun selinden,<br \/>\nHalil\u2019i Rahmanda Kerem G\u00f6l\u00fcnden,<br \/>\nC\u00fcmle ululardan uluya do\u011fru.<br \/>\nYoluma u\u011frad\u0131n seher \u00e7a\u011f\u0131nda,<br \/>\nBaba Bayram tekkesinin sa\u011f\u0131nda,<br \/>\nAntep ellerinde Mara\u015f da\u011f\u0131nda,<br \/>\nAbuzer Gaffari doluya do\u011fru.<br \/>\nUrfa,Ad\u0131yaman,Besni ba\u011flar\u0131,<br \/>\nYavru \u015fahin salarmola beyleri,<br \/>\nA\u015f\u0131p gidece\u011fin Tucak da\u011flar\u0131,<br \/>\nSultan Yusuf,Seyit Ali\u2019ye do\u011fru.<br \/>\nSefil telli turnam ni\u00e7in ka\u00e7ars\u0131n,<br \/>\nKa\u00e7ar kanad\u0131ndan kanlar sa\u00e7ars\u0131n,<br \/>\nYaz\u0131n yaz\u0131n yaylalara g\u00f6\u00e7ersin,<br \/>\nAli Munzur,Sultan Bal\u0131\u2019ya do\u011fru.<br \/>\nS\u00f6yle g\u00f6n\u00fcl turnam nereden geldin,<br \/>\nDertli dertli\u00f6tme sinemi deldin,<br \/>\nOn \u0130ki \u0130mamlardan al\u00e2\u011f\u0131zm\u0131 ald\u0131n,<br \/>\nHac\u0131m Sultan,K\u0131z\u0131ldeliye do\u011fru.<br \/>\nDertlidir avaz\u0131n,\u015firindir dilin,<br \/>\nAlagarl\u0131 da\u011fdan a\u015f\u0131yor yolun,<br \/>\nMUSTAFA\u2019y\u0131 yan\u0131n\u0131zda var bilin,<br \/>\nH\u00fcnkar Hac\u0131 Bekta\u015f Veli\u2019ye do\u011fru.<br \/>\nKarg\u0131 H\u00fcseyin c\u00f6nk\u00fc syf.268<br \/>\nMUSTAFA B\u00fcy\u00fck Abo\u011fun o\u011flu Hasan H\u00fcseyin (Hass\u00f6\u011f) in iki o\u011flundan biridir.Di\u011feri Halil Dede (Hal\u00f6\u011flere ad\u0131n\u0131 veren) 18.Y\u00fczy\u0131l\u0131n son \u00e7eyre\u011finde do\u011fdu\u011fu 1865-70 y\u0131llar\u0131 aras\u0131nda \u00f6ld\u00fc\u011f\u00fc san\u0131lmaktad\u0131r.Bir \u00e7ok \u015fiirinin kayda ge\u00e7irilemedi\u011fi bilinmektedir.Karg\u0131 H\u00fcseyin\u2019in babas\u0131d\u0131r.C\u00f6nk\u2019te 9 \u015fiiri mevcuttur.<br \/>\nBu damlalardan sunmaya devam etmek istiyorum.\u00d6rnekleri \u00e7o\u011faltmaya \u00e7a\u011f\u0131r\u0131yorum t\u00fcm\u00fcn\u00fcz\u00fc.Bu \u00e7a\u011fr\u0131ya yan\u0131t verecek,katk\u0131da bulunacak herkese \u015fimdiden sayg\u0131lar sunuyorum.<br \/>\n<\/span><\/span><\/p>\n","protected":false},"excerpt":{"rendered":"<p>KARACA KARACA Karaca,bu s\u00f6zc\u00fc\u011f\u00fcn bir \u00e7ok anlam\u0131 var:G\u00fczel,\u00e7evik,g\u00fczel g\u00f6zl\u00fc bir ceylan t\u00fcr\u00fc.Karaya\u011f\u0131z,gen\u00e7 delikanl\u0131.Sogan tohumu bunlar ilk ad\u0131mda akl\u0131m\u0131za gelecek tan\u0131mlardan bir ka\u00e7\u0131. Ancak bunu bizlere s\u00f6yleseler ilk akl\u0131m\u0131za gelecek \u015fey tabikii k\u00f6y\u00fcm\u00fcz olur.K\u00f6y\u00fcm\u00fcz KARACA.Hani \u015fu bug\u00fcnki yerinde yerle\u015fimi 500 y\u0131l\u0131 bulan k\u00f6y\u00fcm\u00fcz,engin tepelerin olu\u015fturdu\u011fu engebeli yakla\u015f\u0131k 80 bin d\u00f6n\u00fcm alan kaplayan,bu alan i\u00e7erisinde son y\u0131llarda [&hellip;]<\/p>\n","protected":false},"author":2,"featured_media":0,"comment_status":"open","ping_status":"open","sticky":false,"template":"","format":"standard","meta":[],"categories":[5],"tags":[],"_links":{"self":[{"href":"https:\/\/karder.org.tr\/index.php\/wp-json\/wp\/v2\/posts\/323"}],"collection":[{"href":"https:\/\/karder.org.tr\/index.php\/wp-json\/wp\/v2\/posts"}],"about":[{"href":"https:\/\/karder.org.tr\/index.php\/wp-json\/wp\/v2\/types\/post"}],"author":[{"embeddable":true,"href":"https:\/\/karder.org.tr\/index.php\/wp-json\/wp\/v2\/users\/2"}],"replies":[{"embeddable":true,"href":"https:\/\/karder.org.tr\/index.php\/wp-json\/wp\/v2\/comments?post=323"}],"version-history":[{"count":1,"href":"https:\/\/karder.org.tr\/index.php\/wp-json\/wp\/v2\/posts\/323\/revisions"}],"predecessor-version":[{"id":324,"href":"https:\/\/karder.org.tr\/index.php\/wp-json\/wp\/v2\/posts\/323\/revisions\/324"}],"wp:attachment":[{"href":"https:\/\/karder.org.tr\/index.php\/wp-json\/wp\/v2\/media?parent=323"}],"wp:term":[{"taxonomy":"category","embeddable":true,"href":"https:\/\/karder.org.tr\/index.php\/wp-json\/wp\/v2\/categories?post=323"},{"taxonomy":"post_tag","embeddable":true,"href":"https:\/\/karder.org.tr\/index.php\/wp-json\/wp\/v2\/tags?post=323"}],"curies":[{"name":"wp","href":"https:\/\/api.w.org\/{rel}","templated":true}]}}