{"id":335,"date":"2004-06-12T11:44:28","date_gmt":"2004-06-12T08:44:28","guid":{"rendered":"http:\/\/karder.org.tr\/?p=335"},"modified":"2018-04-21T11:45:12","modified_gmt":"2018-04-21T08:45:12","slug":"veli-eliacik-karaca-koyu-tariminin-gelisim","status":"publish","type":"post","link":"https:\/\/karder.org.tr\/index.php\/2004\/06\/12\/veli-eliacik-karaca-koyu-tariminin-gelisim\/","title":{"rendered":"Veli Elia\u00e7\u0131k-KARACA K\u00d6Y\u00dc TARIMININ GEL\u0130\u015e\u0130M"},"content":{"rendered":"<h2 align=\"center\"><b><span style=\"font-family: Verdana; font-size: small;\">KARACA K\u00d6Y\u00dc TARIMININ GEL\u0130\u015e\u0130M<\/span><\/b><\/h2>\n<p align=\"Justify\"><span style=\"font-family: Verdana;\"><span style=\"font-size: small;\">KARACA K\u00d6Y\u00dc TARIMININ GEL\u0130\u015e\u0130M<br \/>\nTAR\u0130HCES\u0130<\/p>\n<p>Karaca K\u00f6y\u00fcn\u00fcn, topo\u011frafik yap\u0131s\u0131 ve co\u011fraf\u0131 bak\u0131m\u0131ndan karasal iklim hakim oldu\u011fu i\u00e7in tek ge\u00e7im kayna\u011f\u0131 karasal iklime musait kuru ziraat tar\u0131m\u0131 yap\u0131lmaktad\u0131r.<br \/>\nKuru ziraat\u0131n hak\u0131m oldu\u011fu b\u00f6lgelerde tar\u0131mda m\u00fcnavebe sekli, bir y\u0131l ekim di\u011fer y\u0131l topra\u011f\u0131 nadasa b\u0131rakmak suretiyle, topra\u011f\u0131 bir y\u0131l sonraki ekim d\u00f6nemine nem bak\u0131m\u0131ndan yeterli miktarda tutmakt\u0131r.<br \/>\nKaraca k\u00f6y\u00fc Tar\u0131m\u0131 1948 \u2018 lere kadar Topra\u011f\u0131 i\u015fleme , hasat \u015fekli ve \u00fcretilen tar\u0131m \u00fcr\u00fcnlerini saptan daney\u0131 ay\u0131rma ve depo kadar, tar\u0131m \u00fcretim \u015fekli genellikle insanlar\u0131n tar\u0131m\u0131 \u00f6\u011frendikleri \u00e7a\u011fdaki kulland\u0131klar\u0131 y\u00f6ntemlerle yap\u0131yorlard\u0131. Yani topra\u011f\u0131 i\u015fleme Belle veya karasabanla, ha\u015fat\u0131 orak veya t\u0131rpanla, daney\u0131 saptan ay\u0131rmak i\u00e7in tokmakla veya kesici ta\u015flarla alt taraf\u0131 d\u00f6\u015fenmi\u015f olan d\u00f6venle , \u00fcretilen \u00fcr\u00fcnleri evlerine ta\u015f\u0131mak i\u00e7in hep hayvan g\u00fc\u00e7\u2019\u00fcn den faydalan\u0131yorlard\u0131.<br \/>\nBu \u015fekildeki \u00fcretim, insanlar\u0131n ancak kendi aile fertlerine yetecek kadar 10-50 da kadar alanda \u00fcretim yapabiliyorlard\u0131. Bu \u015fekilde yap\u0131lan tar\u0131mla, fazla \u00fcretim yapmaya ne bu teknikle m\u00fcmk\u00fcn olur nede \u00fcrete bildikleri \u00fcr\u00fcnleri pazarlama imkan\u0131n olur.<br \/>\n1948 y\u0131l\u0131ndan sonra T\u00fcrkiye\u2019ye amerikan Marsall Yard\u0131m\u0131 ile T\u00fcrk tar\u0131m\u0131 geli\u015ftirme Projesi ad\u0131 alt\u0131nda Amerika\u2019ndan al\u0131nan trakt\u00f6r say\u0131s\u0131 h\u0131zla artm\u0131\u015ft\u0131r. Karaca k\u00f6y\u00fc nede 6 adet trakt\u00f6r gelmesiyle tar\u0131m arazileri alanlar\u0131 geni\u015fledi ve birim alandan al\u0131nan \u00fcr\u00fcn miktar\u0131 \u00fc\u00e7 kat\u0131 kadar artt\u0131, i\u015f\u00e7ilik giderleri azald\u0131 ve zaman kayb\u0131 10 kat azald\u0131.<br \/>\n1950\u2019den sonra d\u00fcnyadaki teknolojinin geli\u015fmesi ve bu teknolojinin T\u00fcrkiye\u2019ye yans\u0131mas\u0131 Karaca k\u00f6y\u00fcndeki vatanda\u015flar\u0131n zamanla tar\u0131mda mekanizasyon un geli\u015fmesine neden olmu\u015ftur. Hantal, teknikleri zay\u0131f ve \u00e7ok masrafl\u0131 trakt\u00f6rlerin yerine daha pratik ve ekonomik olan trakt\u00f6rlerin gelmesiyle ve say\u0131lar\u0131n\u0131n artmas\u0131yla, tar\u0131mda b\u00fcy\u00fck geli\u015fmeler sa\u011flanm\u0131\u015ft\u0131r.<br \/>\n1960 larda hasat i\u00e7in orak makinesi denilen ekin bi\u00e7me makina\u2019lar\u0131 kullan\u0131lmak suretiyle, \u00fcretim alanlar\u0131 daha da geni\u015fledi. \u0130\u015f kay\u0131plar\u0131 ve i\u015f\u00e7i say\u0131s\u0131 daha da azald\u0131. Bunu m\u00fcteakip daneleri saptan ay\u0131ran d\u00fcven yerine 1968 lerde kara patoz denilen makinan\u0131n tar\u0131m alan\u0131na girmesiyle Karaca K\u00f6y\u00fc tar\u0131m\u0131nda b\u00fcy\u00fck bir kolayl\u0131k sa\u011flanm\u0131\u015ft\u0131r. zaman kayb\u0131n\u0131n az olu\u015fu nedeniyle tar\u0131m alanlar\u0131 artm\u0131\u015f , tar\u0131m girdileri i\u015f\u00e7ilikten dolay\u0131 azalm\u0131\u015ft\u0131r. az zamanda daha \u00e7ok i\u015f yap\u0131l\u0131yor ve verim art\u0131\u015f\u0131 sa\u011flan\u0131yor. Bu geli\u015fmelerin sonucu 1974 lerden sonra tam otomatik daneleri saptan ay\u0131ran patozlar\u0131n devreye girmesiyle Karaca K\u00f6y\u00fc \u00e7ift\u00e7ilerinin i\u015fleri daha da kolayla\u015fm\u0131\u015ft\u0131r. Bu nedenle \u00fcretim girdileri azald\u0131\u011f\u0131 i\u00e7in net karlar\u0131 artm\u0131\u015ft\u0131r.<br \/>\nKaraca K\u00f6y\u00fcn\u00fcn tar\u0131m\u0131n\u0131 geli\u015fmesine b\u00fcy\u00fck bir etkende g\u00fcbrelemedir. G\u00fcbrelemenin amac\u0131 bitkinin topraktan kar\u015f\u0131layamad\u0131\u011f\u0131 mikro ve makro besin maddelerini suni g\u00fcbrelerle topra\u011f\u0131 beslemektir. Tar\u0131ma g\u00fcbrelemenin girmesiyle \u00fcr\u00fcn veriminde 2 kat art\u0131\u015f sa\u011flanm\u0131\u015ft\u0131r.1970 y\u0131llar\u0131n\u0131n ikinci yar\u0131s\u0131ndan sonra \u00fcr\u00fcnde \u00fcretimin ve kalitenin azalmas\u0131na b\u00fcy\u00fck etken olan ha\u015ferelere ve yabanc\u0131 otlara kar\u015f\u0131 m\u00fccadelenin yap\u0131lmaya ba\u015flanmas\u0131yla daha kaliteli ve verimli \u00fcr\u00fcnler elde edilmesi sa\u011fland\u0131.<br \/>\n1990 lardan sonra ekim i\u015fi mibzerle, hasat i\u015fleri de bi\u00e7erd\u00f6verle yap\u0131lmaktad\u0131r.<br \/>\nTar\u0131mdaki bu geli\u015fme, insanlar\u0131n \u00fcrettikleri tar\u0131m \u00fcr\u00fcnlerini pazarlamak i\u00e7in Pazar aramaya y\u00f6neltmi\u015ftir. \u00c7ift\u00e7ilerin gelirlerinin artmas\u0131yla insanlar\u0131n refah d\u00fczeyleri artm\u0131\u015ft\u0131r.<br \/>\nKaraca K\u00f6y\u00fcnde ,tar\u0131mda mekanizasyon\u2019un tamamlanmas\u0131 ve di\u011fer tar\u0131m girdileri olan g\u00fcbreleme ,zararl\u0131larla m\u00fccadele ve tar\u0131m teknik bilgilerinin en y\u00fcksek seviyede olu\u015fu nedeniyle Malatya y\u00f6resinde ziraat y\u00f6n\u00fcnden en bilin\u00e7li \u00e7ift\u00e7iler aras\u0131ndad\u0131r.<br \/>\nKaraca K\u00f6y\u00fcn\u00fcn tar\u0131msal \u00fcr\u00fcnlerinin \u00e7e\u015fitlili\u011finin artmas\u0131 i\u00e7in, Di\u011fer alternatif bitkilere y\u00f6nelmek ve en k\u0131ssa zamanda kuru ziraattan sulu ziraata ge\u00e7mesi olanaklar\u0131n\u0131 aramakt\u0131r. Buda ancak k\u00f6yl\u00fclerinin \u00e7ift\u00e7i birlikleri ve kooperatifler kurarak, Boztepe baraj\u0131ndaki sulama sahas\u0131 i\u00e7inde bulunan Karaca k\u00f6y\u00fc s\u0131n\u0131rlar\u0131 i\u00e7erisindeki sulama alanlar\u0131n\u0131n pompaj sulamas\u0131n\u0131 devreye sokarak artt\u0131rmakt\u0131r.<br \/>\nAksi halde mevcut tar\u0131m \u015fekliyle Karaca K\u00f6y\u00fcnde ki g\u00f6\u00e7ler devam edecektir.<\/p>\n<p>VEL\u0130 EL\u0130A\u00c7IK<br \/>\nZ\u0130RAAT Y\u00dcK. M\u00dcHEND\u0130S\u0130<\/span><\/span><\/p>\n","protected":false},"excerpt":{"rendered":"<p>KARACA K\u00d6Y\u00dc TARIMININ GEL\u0130\u015e\u0130M KARACA K\u00d6Y\u00dc TARIMININ GEL\u0130\u015e\u0130M TAR\u0130HCES\u0130 Karaca K\u00f6y\u00fcn\u00fcn, topo\u011frafik yap\u0131s\u0131 ve co\u011fraf\u0131 bak\u0131m\u0131ndan karasal iklim hakim oldu\u011fu i\u00e7in tek ge\u00e7im kayna\u011f\u0131 karasal iklime musait kuru ziraat tar\u0131m\u0131 yap\u0131lmaktad\u0131r. Kuru ziraat\u0131n hak\u0131m oldu\u011fu b\u00f6lgelerde tar\u0131mda m\u00fcnavebe sekli, bir y\u0131l ekim di\u011fer y\u0131l topra\u011f\u0131 nadasa b\u0131rakmak suretiyle, topra\u011f\u0131 bir y\u0131l sonraki ekim d\u00f6nemine nem [&hellip;]<\/p>\n","protected":false},"author":2,"featured_media":0,"comment_status":"open","ping_status":"open","sticky":false,"template":"","format":"standard","meta":[],"categories":[5],"tags":[],"_links":{"self":[{"href":"https:\/\/karder.org.tr\/index.php\/wp-json\/wp\/v2\/posts\/335"}],"collection":[{"href":"https:\/\/karder.org.tr\/index.php\/wp-json\/wp\/v2\/posts"}],"about":[{"href":"https:\/\/karder.org.tr\/index.php\/wp-json\/wp\/v2\/types\/post"}],"author":[{"embeddable":true,"href":"https:\/\/karder.org.tr\/index.php\/wp-json\/wp\/v2\/users\/2"}],"replies":[{"embeddable":true,"href":"https:\/\/karder.org.tr\/index.php\/wp-json\/wp\/v2\/comments?post=335"}],"version-history":[{"count":1,"href":"https:\/\/karder.org.tr\/index.php\/wp-json\/wp\/v2\/posts\/335\/revisions"}],"predecessor-version":[{"id":336,"href":"https:\/\/karder.org.tr\/index.php\/wp-json\/wp\/v2\/posts\/335\/revisions\/336"}],"wp:attachment":[{"href":"https:\/\/karder.org.tr\/index.php\/wp-json\/wp\/v2\/media?parent=335"}],"wp:term":[{"taxonomy":"category","embeddable":true,"href":"https:\/\/karder.org.tr\/index.php\/wp-json\/wp\/v2\/categories?post=335"},{"taxonomy":"post_tag","embeddable":true,"href":"https:\/\/karder.org.tr\/index.php\/wp-json\/wp\/v2\/tags?post=335"}],"curies":[{"name":"wp","href":"https:\/\/api.w.org\/{rel}","templated":true}]}}