{"id":337,"date":"2009-05-15T11:45:52","date_gmt":"2009-05-15T08:45:52","guid":{"rendered":"http:\/\/karder.org.tr\/?p=337"},"modified":"2018-04-21T11:46:41","modified_gmt":"2018-04-21T08:46:41","slug":"ibrahim-ozcan-ismail","status":"publish","type":"post","link":"https:\/\/karder.org.tr\/index.php\/2009\/05\/15\/ibrahim-ozcan-ismail\/","title":{"rendered":"\u0130brahim \u00d6zcan-\u0130SMA\u0130L"},"content":{"rendered":"<h2 align=\"center\"><b><span style=\"font-family: Verdana; font-size: small;\">\u0130SMA\u0130L<\/span><\/b><\/h2>\n<p align=\"Justify\"><span style=\"font-family: Verdana;\"><span style=\"font-size: small;\">\u0130SMA\u0130L<\/p>\n<p>Y\u00fcz\u00fcne dokundum, biraz so\u011fuktun.<br \/>\nBelli ki takatsiz, belli ki yorgun<br \/>\nBekledim; ses veresin<br \/>\n&#8221; K\u00f6t\u00fc Garda\u015f ho\u015f geldin&#8221; diyesin<br \/>\nAma olmad\u0131.\u00c7ok donuktun&#8230;<\/p>\n<p>Ulan Peyho!<br \/>\nYine yapt\u0131n yapaca\u011f\u0131n\u0131;<br \/>\nHepimizden erken \u00f6dedin, \u015ferefsiz azrailin gariban g\u00f6vdenden \u00fc\u00e7 kuru\u015fluk alaca\u011f\u0131n\u0131.<br \/>\nSana m\u0131 d\u00fc\u015fm\u00fc\u015ft\u00fc borcuna sad\u0131k olmak!..<br \/>\nSana m\u0131 d\u00fc\u015fm\u00fc\u015ft\u00fc; bir g\u00fcn\u00fcn\u00fc bile g\u00f6rmedi\u011fin kahpe felekten y\u0131ld\u0131zs\u0131z AFER\u0130Nler almak!<br \/>\nArasa&#8217;da, tarlada, fabrikalarda kalbini ac\u0131larla balyozlayarak;<br \/>\nOrtac\u0131k g\u00f6vdeni, topra\u011f\u0131rahim&#8217;e H\u0131z\u0131r&#8217;\u0131n asas\u0131 gibi \u00e7akmak.<br \/>\nYak\u0131\u015ft\u0131 m\u0131 Karaelbistan&#8217;da ak fistan\u0131 dal\u0131na takmak!<br \/>\nYak\u0131\u015ft\u0131 m\u0131 \u015fimdi; \u00fc\u00e7y\u00fczelli haneli Karaca&#8217;y\u0131, Kuru\u00e7ay&#8217;\u0131, Arasa&#8217;y\u0131 PeyHambersiz b\u0131rakmak!..<\/p>\n<p>Ah ulan Peyho!<br \/>\nN&#8217;olordu \u015fimdi sen yine t\u00fcrk\u00fclerini s\u00f6yleyeydin.<br \/>\nTeymen&#8217;inden tokad\u0131n\u0131 yeyip, yine kald\u0131\u011f\u0131n nakarattan devam edeydin&#8230;<\/p>\n<p>&#8220;Bin cefalar etsen almam \u00fcst\u00fcme..<br \/>\nKalem seni par\u00e7a par\u00e7a k\u0131rar\u0131m<br \/>\nGelin oldum d\u0131r\u0131can\u0131n eline<br \/>\nCelal O\u011flan&#8230; vesaire&#8230;&#8221;<\/p>\n<p>Komik K\u00fcrt hikayeleri sat\u0131p,Olur olmaz heryerde<br \/>\nyine bo\u015fbo\u011fazl\u0131k edeydin&#8230;<br \/>\nEn bozuk an\u0131m\u0131zda bile yine milleti g\u00fcld\u00fcreydin&#8230;<br \/>\nZarar\u0131 yok! tek; &#8220;Sus ula \u0130smail yeter!&#8221; dedirteydin..<br \/>\nHi\u00e7 bi\u015fey bulamad\u0131ysan; Yar\u0131 a\u00e7, sefil, peri\u015fan da olsan;<br \/>\nT\u0131pk\u0131 eskisi gibi otob\u00fcs garaj\u0131nda;<br \/>\nK\u00f6yden gelecek ek\u015fili ekme\u011fini, yavan peynir, \u00e7\u00f6kele\u011fini bekleyeydin.<br \/>\nYine Hediye&#8217;den &#8220;E\u015f\u015fek Dayla\u011f\u0131&#8221;yla ba\u015flayan k\u0131sa dualar i\u015fiteydin&#8230;<br \/>\nYine Bu\u011fday Pazar\u0131&#8217;nda, Hamza&#8217;n\u0131n \u00c7ayoca\u011f\u0131&#8217;nda cebinde \u00e7ay paras\u0131 olmasa da<br \/>\nharcaya harcaya hi\u00e7 bitiremedi\u011fin \u015fen \u015fakrak yan\u0131nla,<br \/>\ng\u00f6rd\u00fc\u011f\u00fcn her k\u00fcrde; &#8220;Ula k\u00fcrt! ben peyhamber olal\u0131 senin gibi gul yaratmad\u0131m, sen de nerden \u00e7\u0131kt\u0131n&#8221; diye fetvalar vereydin, umars\u0131zca&#8230;<br \/>\nYine Fethiyeli \u015fivesiyle, &#8220;Ura ura!.. Dedeme bah, dedeme&#8221; li<br \/>\nabart\u0131l\u0131 hikayeler anlatayd\u0131n, en \u00e7ok da \u00e7ilingir sofram\u0131zda..<\/p>\n<p>Ah ulan peyho!<br \/>\nAli Onba\u015f\u0131&#8217;dan torpilli yaratm\u0131\u015f seni yaradan.<br \/>\nSenin neyin eksik ki yaz\u0131lmas\u0131n trajikomik t\u00fckenmez hat\u0131ran; Ah ulan R\u0131za&#8217;dan&#8230;<br \/>\nOkuyas\u0131n diye yazm\u0131yorum sana bu mektubu<br \/>\nBilirsin haf\u0131za \u00e7oktaan gidik, K\u00f6t\u00fc Garda\u015f&#8217;\u0131nda.<br \/>\nGeldi\u011fimde belki sorars\u0131n da, &#8220;gitti\u011fin g\u00fcn\u00fc&#8221; unutup, hat\u0131rlayamam<br \/>\n\u00dcz\u00fcl\u00fcrs\u00fcn diye; senin i\u00e7in ald\u0131m kalemi elime k\u0131rkd\u00f6rt y\u0131l\u0131n ba\u015f\u0131nda.<\/p>\n<p>Ah ulan peyho!&#8230;<br \/>\nBu g\u00fcn seni g\u00f6rd\u00fc\u011f\u00fcmde,<br \/>\nikibin dokuz yi\u011firmialt\u0131 Nisan&#8217;\u0131n \u00f6\u011flesinde<br \/>\nhastane bodrumu so\u011fuk betonun \u00fcst\u00fcnde<br \/>\nY\u0131kanm\u0131\u015f, tertemiz, masum, yar\u0131c\u0131plak bedeninle<br \/>\n\u0130lk defa korkmad\u0131m! \u00f6l\u00fcmden&#8230;<br \/>\nNe emmimde, ne day\u0131mda ne de babamda g\u00f6rd\u00fc\u011f\u00fcm;<br \/>\n\u00d6l\u00fcmden ilk defa korkmad\u0131m!<br \/>\nKorkmad\u0131m \u00f6l\u00fcmden ilk defa \u0130smail!<br \/>\nKokrmad\u0131m ilk defa \u00f6l\u00fcmden&#8230;.<\/p>\n<p>Bug\u00fcn sen gittin&#8230;<br \/>\nYaln\u0131z dinleyip gecenin sessizli\u011fini,<br \/>\nYaln\u0131z ba\u015f\u0131na y\u0131ld\u0131zlar\u0131 seyrettin&#8230;<br \/>\nSamanyolunda kimbilir ka\u00e7 patoz huzuru tekba\u015f\u0131na \u00e7ektin..<br \/>\nAlaca\u011f\u0131m Olsun&#8230;<br \/>\nK\u0131skand\u0131m \u015fimdi. K\u0131zd\u0131m.. H\u00f6ykelenip, \u00f6fkelendim&#8230;<\/p>\n<p>\u015eimdilik yazacaklar\u0131m bu kadar&#8230;<br \/>\nYan\u0131na gedi\u011fimde sana \u00e7ook anlatacaklar\u0131m var&#8230;<\/p>\n<p>\u0130mza:<br \/>\nK\u00f6t\u00fc Garda\u015f&#8217;\u0131n<\/span><\/span><\/p>\n","protected":false},"excerpt":{"rendered":"<p>\u0130SMA\u0130L \u0130SMA\u0130L Y\u00fcz\u00fcne dokundum, biraz so\u011fuktun. Belli ki takatsiz, belli ki yorgun Bekledim; ses veresin &#8221; K\u00f6t\u00fc Garda\u015f ho\u015f geldin&#8221; diyesin Ama olmad\u0131.\u00c7ok donuktun&#8230; Ulan Peyho! Yine yapt\u0131n yapaca\u011f\u0131n\u0131; Hepimizden erken \u00f6dedin, \u015ferefsiz azrailin gariban g\u00f6vdenden \u00fc\u00e7 kuru\u015fluk alaca\u011f\u0131n\u0131. Sana m\u0131 d\u00fc\u015fm\u00fc\u015ft\u00fc borcuna sad\u0131k olmak!.. Sana m\u0131 d\u00fc\u015fm\u00fc\u015ft\u00fc; bir g\u00fcn\u00fcn\u00fc bile g\u00f6rmedi\u011fin kahpe felekten y\u0131ld\u0131zs\u0131z [&hellip;]<\/p>\n","protected":false},"author":2,"featured_media":0,"comment_status":"open","ping_status":"open","sticky":false,"template":"","format":"standard","meta":[],"categories":[5],"tags":[],"_links":{"self":[{"href":"https:\/\/karder.org.tr\/index.php\/wp-json\/wp\/v2\/posts\/337"}],"collection":[{"href":"https:\/\/karder.org.tr\/index.php\/wp-json\/wp\/v2\/posts"}],"about":[{"href":"https:\/\/karder.org.tr\/index.php\/wp-json\/wp\/v2\/types\/post"}],"author":[{"embeddable":true,"href":"https:\/\/karder.org.tr\/index.php\/wp-json\/wp\/v2\/users\/2"}],"replies":[{"embeddable":true,"href":"https:\/\/karder.org.tr\/index.php\/wp-json\/wp\/v2\/comments?post=337"}],"version-history":[{"count":1,"href":"https:\/\/karder.org.tr\/index.php\/wp-json\/wp\/v2\/posts\/337\/revisions"}],"predecessor-version":[{"id":338,"href":"https:\/\/karder.org.tr\/index.php\/wp-json\/wp\/v2\/posts\/337\/revisions\/338"}],"wp:attachment":[{"href":"https:\/\/karder.org.tr\/index.php\/wp-json\/wp\/v2\/media?parent=337"}],"wp:term":[{"taxonomy":"category","embeddable":true,"href":"https:\/\/karder.org.tr\/index.php\/wp-json\/wp\/v2\/categories?post=337"},{"taxonomy":"post_tag","embeddable":true,"href":"https:\/\/karder.org.tr\/index.php\/wp-json\/wp\/v2\/tags?post=337"}],"curies":[{"name":"wp","href":"https:\/\/api.w.org\/{rel}","templated":true}]}}