{"id":345,"date":"2007-01-19T11:49:56","date_gmt":"2007-01-19T09:49:56","guid":{"rendered":"http:\/\/karder.org.tr\/?p=345"},"modified":"2018-04-21T11:50:36","modified_gmt":"2018-04-21T08:50:36","slug":"av-mustafa-san-cumhurbaskanligi-secimi","status":"publish","type":"post","link":"https:\/\/karder.org.tr\/index.php\/2007\/01\/19\/av-mustafa-san-cumhurbaskanligi-secimi\/","title":{"rendered":"Av. Mustafa SAN-CUMHURBA\u015eKANLI\u011eI SE\u00c7\u0130M\u0130"},"content":{"rendered":"<h2 align=\"center\"><b><span style=\"font-family: Verdana; font-size: small;\">CUMHURBA\u015eKANLI\u011eI SE\u00c7\u0130M\u0130<\/span><\/b><\/h2>\n<p align=\"Justify\"><span style=\"font-family: Verdana;\"><span style=\"font-size: small;\">1982 ANAYASASINA G\u00d6RE CUMHURBA\u015eKANLI\u011eI SE\u00c7\u0130M\u0130&#8230;.19.01.2007<br \/>\n1982 anayasas\u0131na g\u00f6re cumhurba\u015fkanl\u0131\u011f\u0131 se\u00e7imi 1982 anayasam\u0131za g\u00f6re; bir ki\u015finin cumhurba\u015fkan\u0131 se\u00e7ilebilmesi i\u00e7in baz\u0131 niteliklere sahip olmas\u0131 gerekir. bunlar ; * 40 ya\u015f\u0131n\u0131 doldurmu\u015f olmak, *y\u00fcksek\u00f6\u011frenim mezunu olmak, * t.c. vatanda\u015f\u0131 olmak , * milletvekili se\u00e7ilme yeterli\u011fine sahip olmakt\u0131r. cumhurba\u015fkanl\u0131\u011f\u0131 se\u00e7imi tbmm taraf\u0131ndan yap\u0131l\u0131r.cumhurba\u015fkan\u0131 aday\u0131, meclis i\u00e7erisinden olabilece\u011fi gibi meclis d\u0131\u015f\u0131ndan da olabilir.yani; anayasam\u0131zda belirtilen niteliklere sahip olmak \u015fart\u0131 ile her t\u00fcrk vatanda\u015f\u0131 cumhurba\u015fkan\u0131 se\u00e7ilebilir.meclis d\u0131\u015f\u0131ndan aday g\u00f6sterilebilmesi i\u00e7in meclis \u00fcye tamsay\u0131s\u0131n\u0131n en az be\u015fte birinin yaz\u0131l\u0131 \u00f6nerisi gerekmektedir. bir kimse iki defa cumhurba\u015fkan\u0131 se\u00e7ilemeyece\u011fi gibi , cumhurba\u015fkan\u0131 se\u00e7ilenin , varsa partisi ile ili\u015fi\u011fi kesilir ve tbmm \u00fcyeli\u011fi sona erer.bunlarla cumhurba\u015fkan\u0131n\u0131n tarafs\u0131zl\u0131\u011f\u0131 sa\u011flanmaya \u00e7al\u0131\u015f\u0131lm\u0131\u015ft\u0131r.\u00e7\u00fcnk\u00fc ; g\u00f6revinin ifas\u0131 gere\u011fi tarafs\u0131z olmas\u0131 gerekir. anayasam\u0131z\u0131n 102.maddesine g\u00f6re; cumhurba\u015fkan\u0131, t\u00fcrkiye b\u00fcy\u00fck millet meclisi \u00fcye tamsay\u0131s\u0131n\u0131n \u00fc\u00e7te iki \u00e7o\u011funlu\u011fu ile ve gizli oyla se\u00e7ilir. t\u00fcrkiye b\u00fcy\u00fck millet meclisi toplant\u0131 halinde de\u011filse hemen toplant\u0131ya \u00e7a\u011fr\u0131l\u0131r. cumhurba\u015fkan\u0131n\u0131n g\u00f6rev s\u00fcresinin dolmas\u0131ndan otuz g\u00fcn \u00f6nce veya cumhurba\u015fkanl\u0131\u011f\u0131 makam\u0131n\u0131n bo\u015falmas\u0131ndan on g\u00fcn sonra cumhurba\u015fkanl\u0131\u011f\u0131 se\u00e7imine ba\u015flan\u0131r ve se\u00e7ime ba\u015flama tarihinden itibaren otuz g\u00fcn i\u00e7inde sonu\u00e7land\u0131r\u0131l\u0131r. bu s\u00fcrenin ilk on g\u00fcn\u00fc i\u00e7inde adaylar\u0131n meclis ba\u015fkanl\u0131k divan\u0131na bildirilmesi ve kalan yirmi g\u00fcn i\u00e7inde de se\u00e7imin tamamlanmas\u0131 gerekir. en az \u00fc\u00e7er g\u00fcn ara ile yap\u0131lacak oylamalar\u0131n ilk ikisinde \u00fcye tamsay\u0131s\u0131n\u0131n \u00fc\u00e7te iki \u00e7o\u011funluk oyu sa\u011flanamazsa \u00fc\u00e7\u00fcnc\u00fc oylamaya ge\u00e7ilir, \u00fc\u00e7\u00fcnc\u00fc oylamada \u00fcye tamsay\u0131s\u0131n\u0131n salt \u00e7o\u011funlu\u011funu sa\u011flayan aday cumhurba\u015fkan\u0131 se\u00e7ilmi\u015f olur. bu oylamada \u00fcye tamsay\u0131s\u0131n\u0131n salt \u00e7o\u011funlu\u011fu sa\u011flanamad\u0131\u011f\u0131 takdirde \u00fc\u00e7\u00fcnc\u00fc oylamada en \u00e7ok oy alm\u0131\u015f bulunan iki aday aras\u0131nda d\u00f6rd\u00fcnc\u00fc oylama yap\u0131l\u0131r, bu oylamada da \u00fcye tamsay\u0131s\u0131n\u0131n salt \u00e7o\u011funlu\u011fu ile cumhurba\u015fkan\u0131 se\u00e7ilemedi\u011fi takdirde derhal t\u00fcrkiye b\u00fcy\u00fck millet meclisi se\u00e7imleri yenilenir. se\u00e7ilen yeni cumhurba\u015fkan\u0131 g\u00f6reve ba\u015flay\u0131ncaya kadar g\u00f6rev s\u00fcresi dolan cumhurba\u015fkan\u0131n\u0131n g\u00f6revi devam eder. cumhurba\u015fkanl\u0131\u011f\u0131 se\u00e7imini anayasam\u0131z \u0131\u015f\u0131\u011f\u0131nda \u015fekli de olsa anlatmaya \u00e7al\u0131\u015ft\u0131m.\u00f6n\u00fcm\u00fczdeki g\u00fcnlerde daha yo\u011fun bir \u015fekilde ya\u015fayaca\u011f\u0131m\u0131z cumhurba\u015fkanl\u0131\u011f\u0131 se\u00e7imine uzak kalmamak i\u00e7in yararl\u0131 olaca\u011f\u0131 kan\u0131s\u0131nday\u0131m. av.m.mustafa san<br \/>\nEkleyen :Av.M.Mustafa SAN<\/span><\/span><\/p>\n","protected":false},"excerpt":{"rendered":"<p>CUMHURBA\u015eKANLI\u011eI SE\u00c7\u0130M\u0130 1982 ANAYASASINA G\u00d6RE CUMHURBA\u015eKANLI\u011eI SE\u00c7\u0130M\u0130&#8230;.19.01.2007 1982 anayasas\u0131na g\u00f6re cumhurba\u015fkanl\u0131\u011f\u0131 se\u00e7imi 1982 anayasam\u0131za g\u00f6re; bir ki\u015finin cumhurba\u015fkan\u0131 se\u00e7ilebilmesi i\u00e7in baz\u0131 niteliklere sahip olmas\u0131 gerekir. bunlar ; * 40 ya\u015f\u0131n\u0131 doldurmu\u015f olmak, *y\u00fcksek\u00f6\u011frenim mezunu olmak, * t.c. vatanda\u015f\u0131 olmak , * milletvekili se\u00e7ilme yeterli\u011fine sahip olmakt\u0131r. cumhurba\u015fkanl\u0131\u011f\u0131 se\u00e7imi tbmm taraf\u0131ndan yap\u0131l\u0131r.cumhurba\u015fkan\u0131 aday\u0131, meclis i\u00e7erisinden olabilece\u011fi [&hellip;]<\/p>\n","protected":false},"author":2,"featured_media":0,"comment_status":"open","ping_status":"open","sticky":false,"template":"","format":"standard","meta":[],"categories":[5],"tags":[],"_links":{"self":[{"href":"https:\/\/karder.org.tr\/index.php\/wp-json\/wp\/v2\/posts\/345"}],"collection":[{"href":"https:\/\/karder.org.tr\/index.php\/wp-json\/wp\/v2\/posts"}],"about":[{"href":"https:\/\/karder.org.tr\/index.php\/wp-json\/wp\/v2\/types\/post"}],"author":[{"embeddable":true,"href":"https:\/\/karder.org.tr\/index.php\/wp-json\/wp\/v2\/users\/2"}],"replies":[{"embeddable":true,"href":"https:\/\/karder.org.tr\/index.php\/wp-json\/wp\/v2\/comments?post=345"}],"version-history":[{"count":1,"href":"https:\/\/karder.org.tr\/index.php\/wp-json\/wp\/v2\/posts\/345\/revisions"}],"predecessor-version":[{"id":346,"href":"https:\/\/karder.org.tr\/index.php\/wp-json\/wp\/v2\/posts\/345\/revisions\/346"}],"wp:attachment":[{"href":"https:\/\/karder.org.tr\/index.php\/wp-json\/wp\/v2\/media?parent=345"}],"wp:term":[{"taxonomy":"category","embeddable":true,"href":"https:\/\/karder.org.tr\/index.php\/wp-json\/wp\/v2\/categories?post=345"},{"taxonomy":"post_tag","embeddable":true,"href":"https:\/\/karder.org.tr\/index.php\/wp-json\/wp\/v2\/tags?post=345"}],"curies":[{"name":"wp","href":"https:\/\/api.w.org\/{rel}","templated":true}]}}