{"id":356,"date":"2017-10-12T17:46:48","date_gmt":"2017-10-12T14:46:48","guid":{"rendered":"http:\/\/karder.org.tr\/?p=356"},"modified":"2018-04-23T17:47:20","modified_gmt":"2018-04-23T14:47:20","slug":"taziye","status":"publish","type":"post","link":"https:\/\/karder.org.tr\/index.php\/2017\/10\/12\/taziye\/","title":{"rendered":"Taziye"},"content":{"rendered":"<p>Hayat\u0131n\u0131 kaybeden merhume Fatma Duran&#8217;\u0131n cenazesi 13\/10\/2017 Tarihinde saat 09:00 civar\u0131nda \u015fehir mezarl\u0131\u011f\u0131ndaki morktan al\u0131narak defnedilecektir.Allah rahmet eylesin&#8230;.<\/p>\n","protected":false},"excerpt":{"rendered":"<p>Hayat\u0131n\u0131 kaybeden merhume Fatma Duran&#8217;\u0131n cenazesi 13\/10\/2017 Tarihinde saat 09:00 civar\u0131nda \u015fehir mezarl\u0131\u011f\u0131ndaki morktan al\u0131narak defnedilecektir.Allah rahmet eylesin&#8230;.<\/p>\n","protected":false},"author":2,"featured_media":0,"comment_status":"open","ping_status":"open","sticky":false,"template":"","format":"standard","meta":[],"categories":[6],"tags":[],"_links":{"self":[{"href":"https:\/\/karder.org.tr\/index.php\/wp-json\/wp\/v2\/posts\/356"}],"collection":[{"href":"https:\/\/karder.org.tr\/index.php\/wp-json\/wp\/v2\/posts"}],"about":[{"href":"https:\/\/karder.org.tr\/index.php\/wp-json\/wp\/v2\/types\/post"}],"author":[{"embeddable":true,"href":"https:\/\/karder.org.tr\/index.php\/wp-json\/wp\/v2\/users\/2"}],"replies":[{"embeddable":true,"href":"https:\/\/karder.org.tr\/index.php\/wp-json\/wp\/v2\/comments?post=356"}],"version-history":[{"count":1,"href":"https:\/\/karder.org.tr\/index.php\/wp-json\/wp\/v2\/posts\/356\/revisions"}],"predecessor-version":[{"id":357,"href":"https:\/\/karder.org.tr\/index.php\/wp-json\/wp\/v2\/posts\/356\/revisions\/357"}],"wp:attachment":[{"href":"https:\/\/karder.org.tr\/index.php\/wp-json\/wp\/v2\/media?parent=356"}],"wp:term":[{"taxonomy":"category","embeddable":true,"href":"https:\/\/karder.org.tr\/index.php\/wp-json\/wp\/v2\/categories?post=356"},{"taxonomy":"post_tag","embeddable":true,"href":"https:\/\/karder.org.tr\/index.php\/wp-json\/wp\/v2\/tags?post=356"}],"curies":[{"name":"wp","href":"https:\/\/api.w.org\/{rel}","templated":true}]}}