{"id":358,"date":"2017-09-21T17:48:07","date_gmt":"2017-09-21T14:48:07","guid":{"rendered":"http:\/\/karder.org.tr\/?p=358"},"modified":"2018-04-23T17:48:39","modified_gmt":"2018-04-23T14:48:39","slug":"vefat","status":"publish","type":"post","link":"https:\/\/karder.org.tr\/index.php\/2017\/09\/21\/vefat\/","title":{"rendered":"Vefat"},"content":{"rendered":"<p>21\/09\/2017 Bu g\u00fcn Ku\u015fadas\u0131&#8217;n da vefat eden merhum Rifat \u00c7a\u011flar&#8217;\u0131n cenazesi yar\u0131n \u015fehir mezarl\u0131\u011f\u0131nda morga konulacakt\u0131r.23\/09\/2017 g\u00fcn\u00fcn\u00fc saat;09:00 sular\u0131nda \u015fehir mezarl\u0131\u011f\u0131ndaki morgdan al\u0131narak Karaca da topra\u011fa verilecektir.Kar-Der&#8230;<\/p>\n","protected":false},"excerpt":{"rendered":"<p>21\/09\/2017 Bu g\u00fcn Ku\u015fadas\u0131&#8217;n da vefat eden merhum Rifat \u00c7a\u011flar&#8217;\u0131n cenazesi yar\u0131n \u015fehir mezarl\u0131\u011f\u0131nda morga konulacakt\u0131r.23\/09\/2017 g\u00fcn\u00fcn\u00fc saat;09:00 sular\u0131nda \u015fehir mezarl\u0131\u011f\u0131ndaki morgdan al\u0131narak Karaca da topra\u011fa verilecektir.Kar-Der&#8230;<\/p>\n","protected":false},"author":2,"featured_media":0,"comment_status":"open","ping_status":"open","sticky":false,"template":"","format":"standard","meta":[],"categories":[6],"tags":[],"_links":{"self":[{"href":"https:\/\/karder.org.tr\/index.php\/wp-json\/wp\/v2\/posts\/358"}],"collection":[{"href":"https:\/\/karder.org.tr\/index.php\/wp-json\/wp\/v2\/posts"}],"about":[{"href":"https:\/\/karder.org.tr\/index.php\/wp-json\/wp\/v2\/types\/post"}],"author":[{"embeddable":true,"href":"https:\/\/karder.org.tr\/index.php\/wp-json\/wp\/v2\/users\/2"}],"replies":[{"embeddable":true,"href":"https:\/\/karder.org.tr\/index.php\/wp-json\/wp\/v2\/comments?post=358"}],"version-history":[{"count":1,"href":"https:\/\/karder.org.tr\/index.php\/wp-json\/wp\/v2\/posts\/358\/revisions"}],"predecessor-version":[{"id":359,"href":"https:\/\/karder.org.tr\/index.php\/wp-json\/wp\/v2\/posts\/358\/revisions\/359"}],"wp:attachment":[{"href":"https:\/\/karder.org.tr\/index.php\/wp-json\/wp\/v2\/media?parent=358"}],"wp:term":[{"taxonomy":"category","embeddable":true,"href":"https:\/\/karder.org.tr\/index.php\/wp-json\/wp\/v2\/categories?post=358"},{"taxonomy":"post_tag","embeddable":true,"href":"https:\/\/karder.org.tr\/index.php\/wp-json\/wp\/v2\/tags?post=358"}],"curies":[{"name":"wp","href":"https:\/\/api.w.org\/{rel}","templated":true}]}}